{"id":444616,"date":"2025-02-09T13:54:51","date_gmt":"2025-02-09T19:54:51","guid":{"rendered":"https:\/\/sintesis.com.mx\/puebla\/?p=444616"},"modified":"2025-02-09T13:54:51","modified_gmt":"2025-02-09T19:54:51","slug":"presidentes-auxiliares-san-pedro","status":"publish","type":"post","link":"https:\/\/sintesis.com.mx\/puebla\/2025\/02\/09\/presidentes-auxiliares-san-pedro\/","title":{"rendered":"Presidentes auxiliares de San Pedro Cholula toman protesta"},"content":{"rendered":"<p>La<strong> presidenta municipal de San Pedro Cholula, Tonantzin Fern\u00e1ndez D\u00edaz<\/strong> tom\u00f3 protesta a las nuevas autoridades auxiliares de este municipio, y los inst\u00f3 a trabajar por sus comunidades.<\/p>\n<p>En el Teatro Ciudad Sagrada que fungi\u00f3 como recinto de esta sesi\u00f3n de cabildo, la alcaldesa cholulteca dijo estar contenta y agradecida por esta participaci\u00f3n, dijo que se vivi\u00f3 un ejercicio democr\u00e1tico y en el municipio de hizo valer la constituci\u00f3n, las leyes y voluntad popular.<\/p>\n<blockquote class=\"td_pull_quote td_pull_center\">\n<p style=\"text-align: center;\"><span style=\"color: #3366ff;\"><strong>Ustedes son resultado de este ejercicio democr\u00e1tico, hoy agradezco a la comisi\u00f3n de plebiscitos que velaron por el trabajo, siempre estuvimos vigilantes y pendientes de que se tuviera un ejercicio democr\u00e1tico en San Pedro Cholula.<\/strong><\/span><\/p>\n<\/blockquote>\n<p>Puntualiz\u00f3 que su gobierno est\u00e1 para apoyar a los presidentes auxiliares, trabajar en unidad y hombro con hombro para lograr la transformaci\u00f3n, los inst\u00f3 a que desde el primer minuto trabajen por los compromisos planteados y asegur\u00f3 que estar\u00e1 con cada uno de ellos, para lograr el cambio que San Pedro Cholula merece.<\/p>\n<p><iframe loading=\"lazy\" style=\"border: none; overflow: hidden;\" src=\"https:\/\/www.facebook.com\/plugins\/post.php?href=https%3A%2F%2Fwww.facebook.com%2FTonantzinCholula%2Fposts%2Fpfbid02D3UEEqYHMdKhKRcdg5eYCs8fP6J29G4HzUJQkGRGJG6kLUnNoirXJrg9Qkib4vAal&amp;show_text=true&amp;width=500\" width=\"500\" height=\"978\" frameborder=\"0\" scrolling=\"no\" allowfullscreen=\"allowfullscreen\"><\/iframe><\/p>\n<p>La \u00fanica junta auxiliar que qued\u00f3 con un comit\u00e9 ciudadano ser\u00e1 Momoxpan, quien el pr\u00f3ximo 23 de febrero vivir\u00e1 este proceso de elecci\u00f3n de sus autoridades auxiliares.<\/p>\n","protected":false},"excerpt":{"rendered":"<p>La presidenta municipal de San Pedro Cholula, Tonantzin Fern\u00e1ndez D\u00edaz tom\u00f3 protesta a las nuevas autoridades auxiliares de este municipio, y los inst\u00f3 a trabajar por sus comunidades. En el Teatro Ciudad Sagrada que fungi\u00f3 como recinto de esta sesi\u00f3n de cabildo, la alcaldesa cholulteca dijo estar contenta y agradecida por esta participaci\u00f3n, dijo que [&hellip;]<\/p>\n","protected":false},"author":6,"featured_media":444630,"comment_status":"open","ping_status":"open","sticky":false,"template":"","format":"standard","meta":{"footnotes":""},"categories":[12,8,9],"tags":[41,65,27,437,23,20668],"yst_prominent_words":[29658,30861,30798,51847,30227,45169,57647,32038,29781,30797,30788,29640,30787,30785,31802],"class_list":["post-444616","post","type-post","status-publish","format-standard","has-post-thumbnail","hentry","category-cholula","category-hoyesnoticia","category-municipios","tag-es-noticia","tag-esnoticia","tag-hoyesnoticia","tag-san-pedro-cholula","tag-slide","tag-slider"],"_links":{"self":[{"href":"https:\/\/sintesis.com.mx\/puebla\/wp-json\/wp\/v2\/posts\/444616"}],"collection":[{"href":"https:\/\/sintesis.com.mx\/puebla\/wp-json\/wp\/v2\/posts"}],"about":[{"href":"https:\/\/sintesis.com.mx\/puebla\/wp-json\/wp\/v2\/types\/post"}],"author":[{"embeddable":true,"href":"https:\/\/sintesis.com.mx\/puebla\/wp-json\/wp\/v2\/users\/6"}],"replies":[{"embeddable":true,"href":"https:\/\/sintesis.com.mx\/puebla\/wp-json\/wp\/v2\/comments?post=444616"}],"version-history":[{"count":2,"href":"https:\/\/sintesis.com.mx\/puebla\/wp-json\/wp\/v2\/posts\/444616\/revisions"}],"predecessor-version":[{"id":444631,"href":"https:\/\/sintesis.com.mx\/puebla\/wp-json\/wp\/v2\/posts\/444616\/revisions\/444631"}],"wp:featuredmedia":[{"embeddable":true,"href":"https:\/\/sintesis.com.mx\/puebla\/wp-json\/wp\/v2\/media\/444630"}],"wp:attachment":[{"href":"https:\/\/sintesis.com.mx\/puebla\/wp-json\/wp\/v2\/media?parent=444616"}],"wp:term":[{"taxonomy":"category","embeddable":true,"href":"https:\/\/sintesis.com.mx\/puebla\/wp-json\/wp\/v2\/categories?post=444616"},{"taxonomy":"post_tag","embeddable":true,"href":"https:\/\/sintesis.com.mx\/puebla\/wp-json\/wp\/v2\/tags?post=444616"},{"taxonomy":"yst_prominent_words","embeddable":true,"href":"https:\/\/sintesis.com.mx\/puebla\/wp-json\/wp\/v2\/yst_prominent_words?post=444616"}],"curies":[{"name":"wp","href":"https:\/\/api.w.org\/{rel}","templated":true}]}}