{"id":445486,"date":"2025-02-12T11:38:52","date_gmt":"2025-02-12T17:38:52","guid":{"rendered":"https:\/\/sintesis.com.mx\/puebla\/?p=445486"},"modified":"2025-02-15T11:45:04","modified_gmt":"2025-02-15T17:45:04","slug":"fortalece-voluntariado-del-congreso","status":"publish","type":"post","link":"https:\/\/sintesis.com.mx\/puebla\/2025\/02\/12\/fortalece-voluntariado-del-congreso\/","title":{"rendered":"Fortalece Voluntariado del Congreso trabajo conjunto con organizaciones de la sociedad civil"},"content":{"rendered":"<p>Con la finalidad de continuar como un Congreso cercano a la gente, el Voluntariado del Poder Legislativo llev\u00f3 a cabo una reuni\u00f3n de trabajo con organizaciones civiles para escuchar sus necesidades y trabajar de manera coordinada, en beneficio de la sociedad.<\/p>\n<p>Durante esta reuni\u00f3n, la titular del Voluntariado del Congreso del Estado, Minerva Garc\u00eda Ch\u00e1vez subray\u00f3 que el trabajo en la LXII Legislatura es de puertas abiertas para colaborar de manera conjunta con la sociedad civil, con diversas fundaciones, as\u00ed como con las instancias gubernamentales.<\/p>\n<p>\u201cA trav\u00e9s del Congreso del Estado, que encabeza la diputada Laura Artemisa Garc\u00eda Ch\u00e1vez, se buscan apoyos para las organizaciones de la sociedad civil; estar siempre cercanos y tender la mano para beneficio de la poblaci\u00f3n\u201d, se\u00f1al\u00f3 la titular del Voluntariado del Congreso local.<\/p>\n<p>En este ejercicio de colaboraci\u00f3n y apoyo mutuo, se cont\u00f3 con la participaci\u00f3n de Luis Ch\u00e1vez Rojano, en representaci\u00f3n de la fundaci\u00f3n de la empresa Sempra Infraestructura, quien brind\u00f3 su apoyo a las organizaciones y explic\u00f3 sobre las acciones para el desarrollo y operaci\u00f3n de infraestructura energ\u00e9tica, priorizando la sustentabilidad y la responsabilidad social.<\/p>\n","protected":false},"excerpt":{"rendered":"<p>Con la finalidad de continuar como un Congreso cercano a la gente, el Voluntariado del Poder Legislativo llev\u00f3 a cabo una reuni\u00f3n de trabajo con organizaciones civiles para escuchar sus necesidades y trabajar de manera coordinada, en beneficio de la sociedad. Durante esta reuni\u00f3n, la titular del Voluntariado del Congreso del Estado, Minerva Garc\u00eda Ch\u00e1vez [&hellip;]<\/p>\n","protected":false},"author":26,"featured_media":445487,"comment_status":"open","ping_status":"open","sticky":false,"template":"","format":"standard","meta":{"footnotes":""},"categories":[83821],"tags":[687,41,65,27,8254,84576,86184],"yst_prominent_words":[30795,33557,30000,29906,29787,29810,29679,45921,31808,30134,36912,31594,38331,29801,38335],"class_list":["post-445486","post","type-post","status-publish","format-standard","has-post-thumbnail","hentry","category-congreso","tag-congreso","tag-es-noticia","tag-esnoticia","tag-hoyesnoticia","tag-hoyesnoticiaapp","tag-sociedad-civil","tag-voluntariado-del-congreso"],"_links":{"self":[{"href":"https:\/\/sintesis.com.mx\/puebla\/wp-json\/wp\/v2\/posts\/445486"}],"collection":[{"href":"https:\/\/sintesis.com.mx\/puebla\/wp-json\/wp\/v2\/posts"}],"about":[{"href":"https:\/\/sintesis.com.mx\/puebla\/wp-json\/wp\/v2\/types\/post"}],"author":[{"embeddable":true,"href":"https:\/\/sintesis.com.mx\/puebla\/wp-json\/wp\/v2\/users\/26"}],"replies":[{"embeddable":true,"href":"https:\/\/sintesis.com.mx\/puebla\/wp-json\/wp\/v2\/comments?post=445486"}],"version-history":[{"count":1,"href":"https:\/\/sintesis.com.mx\/puebla\/wp-json\/wp\/v2\/posts\/445486\/revisions"}],"predecessor-version":[{"id":445488,"href":"https:\/\/sintesis.com.mx\/puebla\/wp-json\/wp\/v2\/posts\/445486\/revisions\/445488"}],"wp:featuredmedia":[{"embeddable":true,"href":"https:\/\/sintesis.com.mx\/puebla\/wp-json\/wp\/v2\/media\/445487"}],"wp:attachment":[{"href":"https:\/\/sintesis.com.mx\/puebla\/wp-json\/wp\/v2\/media?parent=445486"}],"wp:term":[{"taxonomy":"category","embeddable":true,"href":"https:\/\/sintesis.com.mx\/puebla\/wp-json\/wp\/v2\/categories?post=445486"},{"taxonomy":"post_tag","embeddable":true,"href":"https:\/\/sintesis.com.mx\/puebla\/wp-json\/wp\/v2\/tags?post=445486"},{"taxonomy":"yst_prominent_words","embeddable":true,"href":"https:\/\/sintesis.com.mx\/puebla\/wp-json\/wp\/v2\/yst_prominent_words?post=445486"}],"curies":[{"name":"wp","href":"https:\/\/api.w.org\/{rel}","templated":true}]}}