{"id":445514,"date":"2025-02-12T12:26:34","date_gmt":"2025-02-12T18:26:34","guid":{"rendered":"https:\/\/sintesis.com.mx\/puebla\/?p=445514"},"modified":"2025-02-15T12:28:41","modified_gmt":"2025-02-15T18:28:41","slug":"fuerzas-estatales-federales","status":"publish","type":"post","link":"https:\/\/sintesis.com.mx\/puebla\/2025\/02\/12\/fuerzas-estatales-federales\/","title":{"rendered":"Fuerzas estatales y federales detienen a presuntos ladrones de transporte de carga"},"content":{"rendered":"<p>Como resultado del robustecimiento de las acciones de prevenci\u00f3n, vigilancia y reacci\u00f3n operativa, la Secretar\u00eda de Seguridad P\u00fablica (SSP), con apoyo de la Secretar\u00eda de Marina (SEMAR), Secretar\u00eda de la Defensa Nacional (DEFENSA) y Guardia Nacional (GN), detuvo a dos probables generadores de violencia y presuntos integrantes de un grupo delictivo dedicado al robo a transporte de carga.<\/p>\n<p>A trav\u00e9s de una denuncia an\u00f3nima al 089, se tom\u00f3 conocimiento sobre la presencia de hombres armados en inmediaciones de la calle Emiliano Zapata, a unos metros del centro de Yehualtepec, por lo que con las medidas de seguridad correspondientes, los cuerpos policiales se aproximaron al punto.<\/p>\n<p>Al llegar al sitio, los elementos fueron atacados con arma de fuego, por lo que implementaron acciones t\u00e1ctico-operativas para disuadir, repeler y controlar la agresi\u00f3n. Derivado de la coordinaci\u00f3n entre los tres \u00f3rdenes de gobierno, se logr\u00f3 la detenci\u00f3n de Josseph N., de 19 a\u00f1os y de un joven de 17 a\u00f1os.<\/p>\n<p>Durante esta intervenci\u00f3n, la SEMAR, Defensa, GN y Polic\u00eda Estatal aseguraron un kilogramo de posible marihuana, 154 bolsas de pl\u00e1stico con aparente marihuana, coca\u00edna y cristal, dos armas de fuego junto con 13 cartuchos \u00fatiles, un chaleco t\u00e1ctico, as\u00ed como dinero en efectivo y una motocicleta; estos \u00faltimos art\u00edculos pretend\u00edan ser entregados a las autoridades por parte de los ahora detenidos para evitar su detenci\u00f3n.<\/p>\n<p>Finalmente, las dos personas quedaron a disposici\u00f3n de la autoridad ministerial por delitos contra la salud, portaci\u00f3n de arma de fuego sin licencia, homicidio en grado de tentativa y cohecho.<\/p>\n<p>El Gobierno del Estado encabezado por Alejandro Armenta, en coordinaci\u00f3n con autoridades federales y municipales, reiteran el compromiso de mantener esfuerzos y trabajo conjunto para garantizar la paz social y la tranquilidad de las y los poblanos.<\/p>\n","protected":false},"excerpt":{"rendered":"<p>Como resultado del robustecimiento de las acciones de prevenci\u00f3n, vigilancia y reacci\u00f3n operativa, la Secretar\u00eda de Seguridad P\u00fablica (SSP), con apoyo de la Secretar\u00eda de Marina (SEMAR), Secretar\u00eda de la Defensa Nacional (DEFENSA) y Guardia Nacional (GN), detuvo a dos probables generadores de violencia y presuntos integrantes de un grupo delictivo dedicado al robo a [&hellip;]<\/p>\n","protected":false},"author":26,"featured_media":445515,"comment_status":"open","ping_status":"open","sticky":false,"template":"","format":"standard","meta":{"footnotes":""},"categories":[82762],"tags":[41,65,90188,27,8254,490,344],"yst_prominent_words":[29925,30854,30847,29658,32625,47901,34436,30623,39650,29786,51018,30023,29660,29580],"class_list":["post-445514","post","type-post","status-publish","format-standard","has-post-thumbnail","hentry","category-seguridad","tag-es-noticia","tag-esnoticia","tag-fuerzas-estatales","tag-hoyesnoticia","tag-hoyesnoticiaapp","tag-seguridad","tag-transporte-de-carga"],"_links":{"self":[{"href":"https:\/\/sintesis.com.mx\/puebla\/wp-json\/wp\/v2\/posts\/445514"}],"collection":[{"href":"https:\/\/sintesis.com.mx\/puebla\/wp-json\/wp\/v2\/posts"}],"about":[{"href":"https:\/\/sintesis.com.mx\/puebla\/wp-json\/wp\/v2\/types\/post"}],"author":[{"embeddable":true,"href":"https:\/\/sintesis.com.mx\/puebla\/wp-json\/wp\/v2\/users\/26"}],"replies":[{"embeddable":true,"href":"https:\/\/sintesis.com.mx\/puebla\/wp-json\/wp\/v2\/comments?post=445514"}],"version-history":[{"count":1,"href":"https:\/\/sintesis.com.mx\/puebla\/wp-json\/wp\/v2\/posts\/445514\/revisions"}],"predecessor-version":[{"id":445516,"href":"https:\/\/sintesis.com.mx\/puebla\/wp-json\/wp\/v2\/posts\/445514\/revisions\/445516"}],"wp:featuredmedia":[{"embeddable":true,"href":"https:\/\/sintesis.com.mx\/puebla\/wp-json\/wp\/v2\/media\/445515"}],"wp:attachment":[{"href":"https:\/\/sintesis.com.mx\/puebla\/wp-json\/wp\/v2\/media?parent=445514"}],"wp:term":[{"taxonomy":"category","embeddable":true,"href":"https:\/\/sintesis.com.mx\/puebla\/wp-json\/wp\/v2\/categories?post=445514"},{"taxonomy":"post_tag","embeddable":true,"href":"https:\/\/sintesis.com.mx\/puebla\/wp-json\/wp\/v2\/tags?post=445514"},{"taxonomy":"yst_prominent_words","embeddable":true,"href":"https:\/\/sintesis.com.mx\/puebla\/wp-json\/wp\/v2\/yst_prominent_words?post=445514"}],"curies":[{"name":"wp","href":"https:\/\/api.w.org\/{rel}","templated":true}]}}