{"id":446226,"date":"2025-02-21T12:38:12","date_gmt":"2025-02-21T18:38:12","guid":{"rendered":"https:\/\/sintesis.com.mx\/puebla\/?p=446226"},"modified":"2025-02-21T13:07:52","modified_gmt":"2025-02-21T19:07:52","slug":"desfile-huehues-semana","status":"publish","type":"post","link":"https:\/\/sintesis.com.mx\/puebla\/2025\/02\/21\/desfile-huehues-semana\/","title":{"rendered":"Asiste al desfile de Huehues este fin de semana"},"content":{"rendered":"<h5><strong>Festival de Huehues<\/strong><\/h5>\n<p><strong>Puebla est\u00e1 lista para llenarse de color, tradici\u00f3n y mucho ritmo con la 11\u00aa edici\u00f3n del Festival de Huehues.<\/strong> El pr\u00f3ximo domingo 23 de febrero, a partir del mediod\u00eda, las calles del Centro Hist\u00f3rico se convertir\u00e1n en el escenario de un desfile que promete sorprender a locales y visitantes.<\/p>\n<h5><strong>Recorrido<\/strong><\/h5>\n<p><strong>El recorrido arrancar\u00e1 en el ic\u00f3nico Gallito del Paseo Bravo,<\/strong> seguir\u00e1 por la Avenida Reforma y <strong>culminar\u00e1 en el coraz\u00f3n de la ciudad, el Z\u00f3calo.<\/strong> M\u00e1s de 700 danzantes, organizados en 16 cuadrillas, mostrar\u00e1n la esencia del carnaval con vistosos trajes y m\u00e1scaras tradicionales. Entre los participantes est\u00e1n agrupaciones de barrios emblem\u00e1ticos como Xanenetla, El Alto y Xonaca, adem\u00e1s de representantes de juntas auxiliares como La Libertad, San Miguel Canoa y San Felipe Hueyotlipan. La Asociaci\u00f3n Angelopolitana de Huehues, infaltable en esta festividad, tambi\u00e9n se sumar\u00e1 al evento.<\/p>\n<p><strong>La celebraci\u00f3n es un homenaje al folclor y la m\u00fasica tradicional mexicana,<\/strong> reforzando el orgullo y la identidad de Puebla. Debido al desfile, la Avenida Reforma permanecer\u00e1 cerrada desde las 11:00 horas hasta que finalice la actividad. Las autoridades recomiendan tomar rutas alternas para evitar contratiempos.<\/p>\n<p>Para garantizar la seguridad de los asistentes, la organizaci\u00f3n del evento contar\u00e1 con el respaldo de la Secretar\u00eda de Seguridad Ciudadana, asegurando que todo transcurra sin incidentes.<\/p>\n<p>El Festival de <strong>Huehues<\/strong> 2025 no solo traer\u00e1 el espectacular desfile, sino tambi\u00e9n una serie de actividades para disfrutar en familia. Entre ellas, talleres de bordado de capas y maringuillas en el Caf\u00e9 con Letras del Barrio del Alto, as\u00ed como una exposici\u00f3n de fotoperiodismo del carnaval en el Pasaje del Ayuntamiento.<\/p>\n<p>El evento principal se llevar\u00e1 a cabo el domingo 23 de febrero y partir\u00e1 desde el Z\u00f3calo; recorriendo calles como Juan de Palafox y Mendoza y 10 Norte. La Asociaci\u00f3n Angelopolitana liderar\u00e1 la marcha, resaltando la riqueza cultural del carnaval poblano con coreograf\u00edas y vestuarios espectaculares.<\/p>\n<h4>M\u00e1s actividades para sumergirse en el carnaval<\/h4>\n<p>Si buscas experiencias m\u00e1s all\u00e1 del desfile, el festival ofrecer\u00e1 proyecciones como <em>Por amor a mi barrio<\/em>, un documental que retrata la historia de los barrios carnavaleros de Puebla. Adem\u00e1s, el Teatro de la Ciudad ser\u00e1 el escenario de un encuentro de cuadrillas de Huehues; donde los asistentes podr\u00e1n conocer m\u00e1s sobre esta tradici\u00f3n.<\/p>\n<p>Anel Nochebuena, directora del Instituto Municipal de Arte y Cultura de Puebla (IMACP), resalt\u00f3 la importancia de esta festividad; \u00abEl carnaval es un reflejo de la apropiaci\u00f3n comunitaria. A trav\u00e9s de \u00e9l, las tradiciones se mantienen vivas y se transmiten de generaci\u00f3n en generaci\u00f3n\u00bb.<\/p>\n<p>No te pierdas el desfile y todas las actividades programadas hasta el 4 de marzo. La entrada es gratuita, as\u00ed que solo necesitas traer ganas de festejar y calzado c\u00f3modo para no parar de bailar.<\/p>\n","protected":false},"excerpt":{"rendered":"<p>Festival de Huehues Puebla est\u00e1 lista para llenarse de color, tradici\u00f3n y mucho ritmo con la 11\u00aa edici\u00f3n del Festival de Huehues. El pr\u00f3ximo domingo 23 de febrero, a partir del mediod\u00eda, las calles del Centro Hist\u00f3rico se convertir\u00e1n en el escenario de un desfile que promete sorprender a locales y visitantes. Recorrido El recorrido [&hellip;]<\/p>\n","protected":false},"author":168,"featured_media":444917,"comment_status":"open","ping_status":"open","sticky":false,"template":"","format":"standard","meta":{"footnotes":""},"categories":[72263],"tags":[19670,8920,6855,13942,337,23,8253,20668,40526,6055],"yst_prominent_words":[30068,30057,30064,57331,31912,31845,40308,31330,33995,33989,31342,30026,30063,30061,29562,30230,59463],"class_list":["post-446226","post","type-post","status-publish","format-standard","has-post-thumbnail","hentry","category-capital","tag-capital","tag-carnaval","tag-desfile","tag-huehues","tag-imacp","tag-slide","tag-slideapp","tag-slider","tag-sliderapp","tag-tradiciones"],"_links":{"self":[{"href":"https:\/\/sintesis.com.mx\/puebla\/wp-json\/wp\/v2\/posts\/446226"}],"collection":[{"href":"https:\/\/sintesis.com.mx\/puebla\/wp-json\/wp\/v2\/posts"}],"about":[{"href":"https:\/\/sintesis.com.mx\/puebla\/wp-json\/wp\/v2\/types\/post"}],"author":[{"embeddable":true,"href":"https:\/\/sintesis.com.mx\/puebla\/wp-json\/wp\/v2\/users\/168"}],"replies":[{"embeddable":true,"href":"https:\/\/sintesis.com.mx\/puebla\/wp-json\/wp\/v2\/comments?post=446226"}],"version-history":[{"count":3,"href":"https:\/\/sintesis.com.mx\/puebla\/wp-json\/wp\/v2\/posts\/446226\/revisions"}],"predecessor-version":[{"id":446237,"href":"https:\/\/sintesis.com.mx\/puebla\/wp-json\/wp\/v2\/posts\/446226\/revisions\/446237"}],"wp:featuredmedia":[{"embeddable":true,"href":"https:\/\/sintesis.com.mx\/puebla\/wp-json\/wp\/v2\/media\/444917"}],"wp:attachment":[{"href":"https:\/\/sintesis.com.mx\/puebla\/wp-json\/wp\/v2\/media?parent=446226"}],"wp:term":[{"taxonomy":"category","embeddable":true,"href":"https:\/\/sintesis.com.mx\/puebla\/wp-json\/wp\/v2\/categories?post=446226"},{"taxonomy":"post_tag","embeddable":true,"href":"https:\/\/sintesis.com.mx\/puebla\/wp-json\/wp\/v2\/tags?post=446226"},{"taxonomy":"yst_prominent_words","embeddable":true,"href":"https:\/\/sintesis.com.mx\/puebla\/wp-json\/wp\/v2\/yst_prominent_words?post=446226"}],"curies":[{"name":"wp","href":"https:\/\/api.w.org\/{rel}","templated":true}]}}