{"id":446681,"date":"2025-02-24T18:01:44","date_gmt":"2025-02-25T00:01:44","guid":{"rendered":"https:\/\/sintesis.com.mx\/puebla\/?p=446681"},"modified":"2025-02-24T18:01:44","modified_gmt":"2025-02-25T00:01:44","slug":"javier-n-interpone-amparo","status":"publish","type":"post","link":"https:\/\/sintesis.com.mx\/puebla\/2025\/02\/24\/javier-n-interpone-amparo\/","title":{"rendered":"Javier \u00abN\u00bb interpone amparo solicitando ser juzgado en otro estado"},"content":{"rendered":"<p>A pocos d\u00edas de que arranque el juicio por el feminicidio de Cecilia Monz\u00f3n, su hermana, Helena Monz\u00f3n, alz\u00f3 la voz en redes sociales sobre un nuevo giro en el caso. A trav\u00e9s de su cuenta de X, se\u00f1al\u00f3 que este 12 de marzo de 2025, tras casi tres a\u00f1os de espera, finalmente iniciar\u00e1 el proceso contra Javier N. Sin embargo, expres\u00f3 su inconformidad ante un intento de la defensa del acusado por trasladar el juicio a otro estado, algo que, seg\u00fan ella, carece de sustento legal.<\/p>\n<h4><strong>Justicia Para Cecilia Monz\u00f3n<\/strong><\/h4>\n<p>\u201cHola, \u00bfQu\u00e9 tal? Solo quer\u00eda agradecer a todas las personas que han mostrado su apoyo en estos d\u00edas, en especial a quienes siguen atentos al caso y se han manifestado hoy\u201d, escribi\u00f3 en su mensaje acompa\u00f1ado del hashtag <strong>#JusticiaParaCeciliaMonz\u00f3n<\/strong>.<\/p>\n<p><strong>En su publicaci\u00f3n, Helena hizo \u00e9nfasis en lo que considera un obst\u00e1culo injustificado en el proceso:<\/strong> un amparo que busca cambiar la sede del juicio. \u201cNos hemos encontrado con esta sorpresa desagradable: un recurso que; como dijo la secretaria Citlalli Hern\u00e1ndez, no tiene ninguna l\u00f3gica jur\u00eddica. Coincidimos completamente con esa postura y, por nuestra parte, agotaremos todos los recursos disponibles para impugnarlo\u201d, afirm\u00f3.<\/p>\n<p><strong>La audiencia clave se llevar\u00eda a cabo en cuesti\u00f3n de minutos, y el objetivo era claro:<\/strong> evitar que el caso fuera trasladado fuera de Puebla, el estado donde ocurri\u00f3 el crimen y cuya legislaci\u00f3n aplica en este proceso. \u201cEs absurdo que se discuta algo tan evidente. Los tribunales competentes son los de Puebla; pues los hechos ocurrieron aqu\u00ed y el c\u00f3digo penal que rige es el de este estado\u201d, subray\u00f3.<\/p>\n<p>Pese a lo que calific\u00f3 como una estrategia dilatoria, Helena reiter\u00f3 su determinaci\u00f3n de seguir adelante con la lucha legal. \u201cComo siempre, iremos a defender lo que es justo. T\u00e9cnicamente debemos ser lo m\u00e1s precisos posible, la fiscal\u00eda tambi\u00e9n, y por supuesto, les mantendr\u00e9 informados sobre lo que ocurra\u201d; concluy\u00f3 en su mensaje.<\/p>\n","protected":false},"excerpt":{"rendered":"<p>A pocos d\u00edas de que arranque el juicio por el feminicidio de Cecilia Monz\u00f3n, su hermana, Helena Monz\u00f3n, alz\u00f3 la voz en redes sociales sobre un nuevo giro en el caso. A trav\u00e9s de su cuenta de X, se\u00f1al\u00f3 que este 12 de marzo de 2025, tras casi tres a\u00f1os de espera, finalmente iniciar\u00e1 el [&hellip;]<\/p>\n","protected":false},"author":168,"featured_media":401319,"comment_status":"open","ping_status":"open","sticky":false,"template":"","format":"standard","meta":{"footnotes":""},"categories":[82762],"tags":[1730,70438,81899,85212,59931,18,490,23,8253,20668,40526],"yst_prominent_words":[36128,35666,42942,33773,29857,29562],"class_list":["post-446681","post","type-post","status-publish","format-standard","has-post-thumbnail","hentry","category-seguridad","tag-amparo","tag-cecilia-monzon","tag-helena-monzon","tag-javier-n","tag-juzgado","tag-puebla","tag-seguridad","tag-slide","tag-slideapp","tag-slider","tag-sliderapp"],"_links":{"self":[{"href":"https:\/\/sintesis.com.mx\/puebla\/wp-json\/wp\/v2\/posts\/446681"}],"collection":[{"href":"https:\/\/sintesis.com.mx\/puebla\/wp-json\/wp\/v2\/posts"}],"about":[{"href":"https:\/\/sintesis.com.mx\/puebla\/wp-json\/wp\/v2\/types\/post"}],"author":[{"embeddable":true,"href":"https:\/\/sintesis.com.mx\/puebla\/wp-json\/wp\/v2\/users\/168"}],"replies":[{"embeddable":true,"href":"https:\/\/sintesis.com.mx\/puebla\/wp-json\/wp\/v2\/comments?post=446681"}],"version-history":[{"count":3,"href":"https:\/\/sintesis.com.mx\/puebla\/wp-json\/wp\/v2\/posts\/446681\/revisions"}],"predecessor-version":[{"id":446691,"href":"https:\/\/sintesis.com.mx\/puebla\/wp-json\/wp\/v2\/posts\/446681\/revisions\/446691"}],"wp:featuredmedia":[{"embeddable":true,"href":"https:\/\/sintesis.com.mx\/puebla\/wp-json\/wp\/v2\/media\/401319"}],"wp:attachment":[{"href":"https:\/\/sintesis.com.mx\/puebla\/wp-json\/wp\/v2\/media?parent=446681"}],"wp:term":[{"taxonomy":"category","embeddable":true,"href":"https:\/\/sintesis.com.mx\/puebla\/wp-json\/wp\/v2\/categories?post=446681"},{"taxonomy":"post_tag","embeddable":true,"href":"https:\/\/sintesis.com.mx\/puebla\/wp-json\/wp\/v2\/tags?post=446681"},{"taxonomy":"yst_prominent_words","embeddable":true,"href":"https:\/\/sintesis.com.mx\/puebla\/wp-json\/wp\/v2\/yst_prominent_words?post=446681"}],"curies":[{"name":"wp","href":"https:\/\/api.w.org\/{rel}","templated":true}]}}