{"id":448425,"date":"2025-03-09T12:15:39","date_gmt":"2025-03-09T18:15:39","guid":{"rendered":"https:\/\/sintesis.com.mx\/puebla\/?p=448425"},"modified":"2025-03-09T12:15:39","modified_gmt":"2025-03-09T18:15:39","slug":"impartio-smdif-platica","status":"publish","type":"post","link":"https:\/\/sintesis.com.mx\/puebla\/2025\/03\/09\/impartio-smdif-platica\/","title":{"rendered":"Imparti\u00f3 SMDIF pl\u00e1tica \u201cPrevenci\u00f3n de la violencia de g\u00e9nero\u201d a estudiantes"},"content":{"rendered":"<p>Puebla, Puebla. &#8211; Con el objetivo de promover una cultura de paz, respeto y equidad, en el marco del D\u00eda Internacional de la Mujer, el Sistema Municipal DIF (SMDIF), a trav\u00e9s de la Direcci\u00f3n de Programas y Desarrollo, acudi\u00f3 a la Escuela Secundaria T\u00e9cnica no. 80 de San Bartolo, para impartir la pl\u00e1tica \u201cPrevenci\u00f3n de la violencia de g\u00e9nero\u201d.<\/p>\n<p>La psic\u00f3loga del SMDIF, Lidia Lucero P\u00e9rez, expuso ante las y los alumnos la importancia de no normalizar la violencia hacia las mujeres, aprender a identificar y frenar cualquier tipo de agresi\u00f3n fisica, psicol\u00f3gica, sexual, laboral o econ\u00f3mica a tiempo; adem\u00e1s de reconocer y conformar redes de apoyo entre las mujeres.<\/p>\n<p><img loading=\"lazy\" decoding=\"async\" class=\"aligncenter wp-image-448427 size-full\" src=\"https:\/\/sintesis.com.mx\/puebla\/wp-content\/uploads\/2025\/03\/WhatsApp-Image-2025-03-09-at-12.04.40-PM-1.jpeg\" alt=\"\" width=\"1280\" height=\"777\" srcset=\"https:\/\/sintesis.com.mx\/puebla\/wp-content\/uploads\/2025\/03\/WhatsApp-Image-2025-03-09-at-12.04.40-PM-1.jpeg 1280w, https:\/\/sintesis.com.mx\/puebla\/wp-content\/uploads\/2025\/03\/WhatsApp-Image-2025-03-09-at-12.04.40-PM-1-300x182.jpeg 300w, https:\/\/sintesis.com.mx\/puebla\/wp-content\/uploads\/2025\/03\/WhatsApp-Image-2025-03-09-at-12.04.40-PM-1-1024x622.jpeg 1024w, https:\/\/sintesis.com.mx\/puebla\/wp-content\/uploads\/2025\/03\/WhatsApp-Image-2025-03-09-at-12.04.40-PM-1-768x466.jpeg 768w, https:\/\/sintesis.com.mx\/puebla\/wp-content\/uploads\/2025\/03\/WhatsApp-Image-2025-03-09-at-12.04.40-PM-1-696x422.jpeg 696w, https:\/\/sintesis.com.mx\/puebla\/wp-content\/uploads\/2025\/03\/WhatsApp-Image-2025-03-09-at-12.04.40-PM-1-1068x648.jpeg 1068w, https:\/\/sintesis.com.mx\/puebla\/wp-content\/uploads\/2025\/03\/WhatsApp-Image-2025-03-09-at-12.04.40-PM-1-692x420.jpeg 692w\" sizes=\"(max-width: 1280px) 100vw, 1280px\" \/><\/p>\n<p>A su vez, expuso cinco puntos para la prevenci\u00f3n de la violencia que permiten el manejo y la gesti\u00f3n emocional correcta:<\/p>\n<p>1. Identificar a la persona que violenta<br \/>\n2. Alejarse de esa persona para cuidar la salud mental y emocional<br \/>\n3. Aprender a poner l\u00edmites con firmeza<br \/>\n4. Las personas que violentan fueron violentadas<br \/>\n5. Buscar ayuda psicol\u00f3gica de un profesional<\/p>\n<p>La especialista del Departamento de Fortalecimiento Familiar enfatiz\u00f3 la importancia de conocer estos puntos para romper el patr\u00f3n de la violencia y que, en la mayor\u00eda de los casos, comienza de forma psicol\u00f3gica, para despu\u00e9s evolucionar a lo f\u00edsico, sexual, econ\u00f3mico y social.<\/p>\n<p><img loading=\"lazy\" decoding=\"async\" class=\"aligncenter wp-image-448428 size-full\" src=\"https:\/\/sintesis.com.mx\/puebla\/wp-content\/uploads\/2025\/03\/WhatsApp-Image-2025-03-09-at-12.04.41-PM.jpeg\" alt=\"\" width=\"1280\" height=\"853\" srcset=\"https:\/\/sintesis.com.mx\/puebla\/wp-content\/uploads\/2025\/03\/WhatsApp-Image-2025-03-09-at-12.04.41-PM.jpeg 1280w, https:\/\/sintesis.com.mx\/puebla\/wp-content\/uploads\/2025\/03\/WhatsApp-Image-2025-03-09-at-12.04.41-PM-300x200.jpeg 300w, https:\/\/sintesis.com.mx\/puebla\/wp-content\/uploads\/2025\/03\/WhatsApp-Image-2025-03-09-at-12.04.41-PM-1024x682.jpeg 1024w, https:\/\/sintesis.com.mx\/puebla\/wp-content\/uploads\/2025\/03\/WhatsApp-Image-2025-03-09-at-12.04.41-PM-768x512.jpeg 768w, https:\/\/sintesis.com.mx\/puebla\/wp-content\/uploads\/2025\/03\/WhatsApp-Image-2025-03-09-at-12.04.41-PM-696x464.jpeg 696w, https:\/\/sintesis.com.mx\/puebla\/wp-content\/uploads\/2025\/03\/WhatsApp-Image-2025-03-09-at-12.04.41-PM-1068x712.jpeg 1068w, https:\/\/sintesis.com.mx\/puebla\/wp-content\/uploads\/2025\/03\/WhatsApp-Image-2025-03-09-at-12.04.41-PM-630x420.jpeg 630w\" sizes=\"(max-width: 1280px) 100vw, 1280px\" \/><\/p>\n<p>Por su parte, la subdirectora de la Escuela Secundaria T\u00e9cnica no. 80, Evelyn Hern\u00e1ndez, se dijo satisfecha por la respuesta de sus alumnas y alumnos ante la pl\u00e1tica, y agradeci\u00f3 al SMDIF y a su presidenta MariElise Budib, por llevar estas capacitaciones a las escuelas p\u00fablicas de la capital.<\/p>\n<p>Estas pl\u00e1ticas son parte de las actividades de la Direcci\u00f3n de Programas y Desarrollo, y el Departamento de Fortalecimiento Familiar, para mayor informaci\u00f3n pueden acercarse al CECADE en Av. Reforma 1904-A, col. San Miguelito, o comunicarse v\u00eda telef\u00f3nica al 222 232 0780.<\/p>\n","protected":false},"excerpt":{"rendered":"<p>Puebla, Puebla. &#8211; Con el objetivo de promover una cultura de paz, respeto y equidad, en el marco del D\u00eda Internacional de la Mujer, el Sistema Municipal DIF (SMDIF), a trav\u00e9s de la Direcci\u00f3n de Programas y Desarrollo, acudi\u00f3 a la Escuela Secundaria T\u00e9cnica no. 80 de San Bartolo, para impartir la pl\u00e1tica \u201cPrevenci\u00f3n de [&hellip;]<\/p>\n","protected":false},"author":26,"featured_media":448426,"comment_status":"open","ping_status":"open","sticky":false,"template":"","format":"standard","meta":{"footnotes":""},"categories":[85743],"tags":[446,41,65,27,8254,90646,90645,18,23,20668,7677],"yst_prominent_words":[30046,29923,30804,32644,62734,32088,36864,29562,35246,48048,48458,31782],"class_list":["post-448425","post","type-post","status-publish","format-standard","has-post-thumbnail","hentry","category-smdif","tag-educacion","tag-es-noticia","tag-esnoticia","tag-hoyesnoticia","tag-hoyesnoticiaapp","tag-lidia-lucero-perez","tag-prevencion-de-la-violencia-de-genero","tag-puebla","tag-slide","tag-slider","tag-smdif"],"_links":{"self":[{"href":"https:\/\/sintesis.com.mx\/puebla\/wp-json\/wp\/v2\/posts\/448425"}],"collection":[{"href":"https:\/\/sintesis.com.mx\/puebla\/wp-json\/wp\/v2\/posts"}],"about":[{"href":"https:\/\/sintesis.com.mx\/puebla\/wp-json\/wp\/v2\/types\/post"}],"author":[{"embeddable":true,"href":"https:\/\/sintesis.com.mx\/puebla\/wp-json\/wp\/v2\/users\/26"}],"replies":[{"embeddable":true,"href":"https:\/\/sintesis.com.mx\/puebla\/wp-json\/wp\/v2\/comments?post=448425"}],"version-history":[{"count":1,"href":"https:\/\/sintesis.com.mx\/puebla\/wp-json\/wp\/v2\/posts\/448425\/revisions"}],"predecessor-version":[{"id":448429,"href":"https:\/\/sintesis.com.mx\/puebla\/wp-json\/wp\/v2\/posts\/448425\/revisions\/448429"}],"wp:featuredmedia":[{"embeddable":true,"href":"https:\/\/sintesis.com.mx\/puebla\/wp-json\/wp\/v2\/media\/448426"}],"wp:attachment":[{"href":"https:\/\/sintesis.com.mx\/puebla\/wp-json\/wp\/v2\/media?parent=448425"}],"wp:term":[{"taxonomy":"category","embeddable":true,"href":"https:\/\/sintesis.com.mx\/puebla\/wp-json\/wp\/v2\/categories?post=448425"},{"taxonomy":"post_tag","embeddable":true,"href":"https:\/\/sintesis.com.mx\/puebla\/wp-json\/wp\/v2\/tags?post=448425"},{"taxonomy":"yst_prominent_words","embeddable":true,"href":"https:\/\/sintesis.com.mx\/puebla\/wp-json\/wp\/v2\/yst_prominent_words?post=448425"}],"curies":[{"name":"wp","href":"https:\/\/api.w.org\/{rel}","templated":true}]}}