{"id":449504,"date":"2025-03-19T12:09:26","date_gmt":"2025-03-19T18:09:26","guid":{"rendered":"https:\/\/sintesis.com.mx\/puebla\/?p=449504"},"modified":"2025-03-19T12:11:58","modified_gmt":"2025-03-19T18:11:58","slug":"cholula-equinoccio-2025","status":"publish","type":"post","link":"https:\/\/sintesis.com.mx\/puebla\/2025\/03\/19\/cholula-equinoccio-2025\/","title":{"rendered":"Listo San Pedro Cholula para el Equinoccio 2025"},"content":{"rendered":"<h3><strong> Equinoccio 2025<\/strong><\/h3>\n<p>Temascales, presentaciones art\u00edsticas, culturales, Feria del Libro, danzas prehisp\u00e1nicas, juego de pelota son algunas de las actividades que se tendr\u00e1n en el municipio de San Pedro Cholula para celebrar el Equinoccio, as\u00ed lo dio a conocer la presidenta municipal, Tonantzin Fern\u00e1ndez D\u00edaz.<\/p>\n<h3><strong>Inicio de la ceremonia\u00a0<\/strong><\/h3>\n<p>Precis\u00f3 que el viernes a las 8:00 horas se har\u00e1 la ceremonia de recibimiento al sol en la Plaza Soria, por lo que invit\u00f3 a las familias a participar en estas acciones, posteriormente habr\u00e1 danzas prehisp\u00e1nicas, se contar\u00e1 con la presencia de sanadores que estar\u00e1n limpiando a los visitantes.<\/p>\n<p>Aunado a ello, se contar\u00e1 con temascales, masajes, y disfrutar de una caminata en honor al sol; adem\u00e1s se tendr\u00e1 una clase masiva de yoga; y el cierre del evento ser\u00e1 con la presencia de un grupo musical.<\/p>\n<h3><strong>Noche de museos\u00a0<\/strong><\/h3>\n<p>A la par de estas, San Pedro Cholula ser\u00e1 sede de la Feria del Libro; y recibir\u00e1 la Noche de Museos; por lo que se estima que sean m\u00e1s de cien mil visitantes los que acudan a este Pueblo M\u00e1gico.<\/p>\n","protected":false},"excerpt":{"rendered":"<p>Equinoccio 2025 Temascales, presentaciones art\u00edsticas, culturales, Feria del Libro, danzas prehisp\u00e1nicas, juego de pelota son algunas de las actividades que se tendr\u00e1n en el municipio de San Pedro Cholula para celebrar el Equinoccio, as\u00ed lo dio a conocer la presidenta municipal, Tonantzin Fern\u00e1ndez D\u00edaz. Inicio de la ceremonia\u00a0 Precis\u00f3 que el viernes a las 8:00 [&hellip;]<\/p>\n","protected":false},"author":6,"featured_media":449242,"comment_status":"open","ping_status":"open","sticky":false,"template":"","format":"standard","meta":{"footnotes":""},"categories":[12,8,9],"tags":[21735,41,65,27,8254,18,437],"yst_prominent_words":[31538,30798,34104,34112,30474,44178,34101,50313,30797,30788,30858,29640,30787,30785,37228,34110],"class_list":["post-449504","post","type-post","status-publish","format-standard","has-post-thumbnail","hentry","category-cholula","category-hoyesnoticia","category-municipios","tag-equinoccio","tag-es-noticia","tag-esnoticia","tag-hoyesnoticia","tag-hoyesnoticiaapp","tag-puebla","tag-san-pedro-cholula"],"_links":{"self":[{"href":"https:\/\/sintesis.com.mx\/puebla\/wp-json\/wp\/v2\/posts\/449504"}],"collection":[{"href":"https:\/\/sintesis.com.mx\/puebla\/wp-json\/wp\/v2\/posts"}],"about":[{"href":"https:\/\/sintesis.com.mx\/puebla\/wp-json\/wp\/v2\/types\/post"}],"author":[{"embeddable":true,"href":"https:\/\/sintesis.com.mx\/puebla\/wp-json\/wp\/v2\/users\/6"}],"replies":[{"embeddable":true,"href":"https:\/\/sintesis.com.mx\/puebla\/wp-json\/wp\/v2\/comments?post=449504"}],"version-history":[{"count":3,"href":"https:\/\/sintesis.com.mx\/puebla\/wp-json\/wp\/v2\/posts\/449504\/revisions"}],"predecessor-version":[{"id":449520,"href":"https:\/\/sintesis.com.mx\/puebla\/wp-json\/wp\/v2\/posts\/449504\/revisions\/449520"}],"wp:featuredmedia":[{"embeddable":true,"href":"https:\/\/sintesis.com.mx\/puebla\/wp-json\/wp\/v2\/media\/449242"}],"wp:attachment":[{"href":"https:\/\/sintesis.com.mx\/puebla\/wp-json\/wp\/v2\/media?parent=449504"}],"wp:term":[{"taxonomy":"category","embeddable":true,"href":"https:\/\/sintesis.com.mx\/puebla\/wp-json\/wp\/v2\/categories?post=449504"},{"taxonomy":"post_tag","embeddable":true,"href":"https:\/\/sintesis.com.mx\/puebla\/wp-json\/wp\/v2\/tags?post=449504"},{"taxonomy":"yst_prominent_words","embeddable":true,"href":"https:\/\/sintesis.com.mx\/puebla\/wp-json\/wp\/v2\/yst_prominent_words?post=449504"}],"curies":[{"name":"wp","href":"https:\/\/api.w.org\/{rel}","templated":true}]}}