{"id":450070,"date":"2025-03-23T16:57:46","date_gmt":"2025-03-23T22:57:46","guid":{"rendered":"https:\/\/sintesis.com.mx\/puebla\/?p=450070"},"modified":"2025-03-23T16:58:54","modified_gmt":"2025-03-23T22:58:54","slug":"28-octubre-revista-vehicula","status":"publish","type":"post","link":"https:\/\/sintesis.com.mx\/puebla\/2025\/03\/23\/28-octubre-revista-vehicula\/","title":{"rendered":"Taxis de la 28 de octubre deben pasar la revista vehicular"},"content":{"rendered":"<p>Los Taxis de la Uni\u00f3n Popular de Vendedores Ambulantes (UPVAM) tienen que cumplir con el pase de revista, dej\u00f3 en claro el gobernador de Puebla, Alejandro Armenta Mier, al se\u00f1alar que \u201cno se chupa el dedo\u201d ya que s\u00ed existen unidades irregulares.<\/p>\n<p>En entrevista, respondi\u00f3 que todas las organizaciones deben acatar la ley, e invit\u00f3 a todos los concesionarios para que aprovechen los programas del gobierno del Estado.<\/p>\n<p>Esta ma\u00f1ana, la 28 de octubre neg\u00f3 que sus unidades sean usadas para delinquir, como lo dijo el ejecutivo local hace unos d\u00edas.<\/p>\n<p>Sobre ello, mencion\u00f3 que en la administraci\u00f3n estatal no hay exclusi\u00f3n para nadie, de tal manera que pueden acercarse sin ning\u00fan temor.<\/p>\n<p>\u201cNo se trata de enga\u00f1arnos y chuparnos el dedo, tienen que cumplir con la norma\u00bb.<\/p>\n<p>Agreg\u00f3 que no van a permitir chantajes y se estar\u00e1 aplicando la ley.<\/p>\n","protected":false},"excerpt":{"rendered":"<p>Los Taxis de la Uni\u00f3n Popular de Vendedores Ambulantes (UPVAM) tienen que cumplir con el pase de revista, dej\u00f3 en claro el gobernador de Puebla, Alejandro Armenta Mier, al se\u00f1alar que \u201cno se chupa el dedo\u201d ya que s\u00ed existen unidades irregulares. En entrevista, respondi\u00f3 que todas las organizaciones deben acatar la ley, e invit\u00f3 [&hellip;]<\/p>\n","protected":false},"author":9,"featured_media":436344,"comment_status":"open","ping_status":"open","sticky":false,"template":"","format":"standard","meta":{"footnotes":""},"categories":[3],"tags":[1669,1450,41,65,11694,27,18,23,20668,40526],"yst_prominent_words":[30300,29619,29719],"class_list":["post-450070","post","type-post","status-publish","format-standard","has-post-thumbnail","hentry","category-puebla","tag-28-de-octubre","tag-alejandro-armenta","tag-es-noticia","tag-esnoticia","tag-gobernador-de-puebla","tag-hoyesnoticia","tag-puebla","tag-slide","tag-slider","tag-sliderapp"],"_links":{"self":[{"href":"https:\/\/sintesis.com.mx\/puebla\/wp-json\/wp\/v2\/posts\/450070"}],"collection":[{"href":"https:\/\/sintesis.com.mx\/puebla\/wp-json\/wp\/v2\/posts"}],"about":[{"href":"https:\/\/sintesis.com.mx\/puebla\/wp-json\/wp\/v2\/types\/post"}],"author":[{"embeddable":true,"href":"https:\/\/sintesis.com.mx\/puebla\/wp-json\/wp\/v2\/users\/9"}],"replies":[{"embeddable":true,"href":"https:\/\/sintesis.com.mx\/puebla\/wp-json\/wp\/v2\/comments?post=450070"}],"version-history":[{"count":1,"href":"https:\/\/sintesis.com.mx\/puebla\/wp-json\/wp\/v2\/posts\/450070\/revisions"}],"predecessor-version":[{"id":450071,"href":"https:\/\/sintesis.com.mx\/puebla\/wp-json\/wp\/v2\/posts\/450070\/revisions\/450071"}],"wp:featuredmedia":[{"embeddable":true,"href":"https:\/\/sintesis.com.mx\/puebla\/wp-json\/wp\/v2\/media\/436344"}],"wp:attachment":[{"href":"https:\/\/sintesis.com.mx\/puebla\/wp-json\/wp\/v2\/media?parent=450070"}],"wp:term":[{"taxonomy":"category","embeddable":true,"href":"https:\/\/sintesis.com.mx\/puebla\/wp-json\/wp\/v2\/categories?post=450070"},{"taxonomy":"post_tag","embeddable":true,"href":"https:\/\/sintesis.com.mx\/puebla\/wp-json\/wp\/v2\/tags?post=450070"},{"taxonomy":"yst_prominent_words","embeddable":true,"href":"https:\/\/sintesis.com.mx\/puebla\/wp-json\/wp\/v2\/yst_prominent_words?post=450070"}],"curies":[{"name":"wp","href":"https:\/\/api.w.org\/{rel}","templated":true}]}}