{"id":450118,"date":"2025-03-24T11:18:53","date_gmt":"2025-03-24T17:18:53","guid":{"rendered":"https:\/\/sintesis.com.mx\/puebla\/?p=450118"},"modified":"2025-03-24T11:42:09","modified_gmt":"2025-03-24T17:42:09","slug":"balacera-munemiches-bosques","status":"publish","type":"post","link":"https:\/\/sintesis.com.mx\/puebla\/2025\/03\/24\/balacera-munemiches-bosques\/","title":{"rendered":"Balacera en las Mu\u00f1emiches de Bosques deja un muerto y tres heridos"},"content":{"rendered":"<article class=\"group\/turn w-full text-token-text-primary focus-visible:outline-2 focus-visible:outline-offset-[-4px]\" dir=\"auto\" tabindex=\"-1\" data-testid=\"conversation-turn-168\" data-scroll-anchor=\"true\">\n<div class=\"text-base my-auto mx-auto py-[18px] px-6\">\n<div class=\"mx-auto flex flex-1 text-base gap-4 md:gap-5 lg:gap-6 md:max-w-3xl lg:max-w-[40rem] xl:max-w-[48rem]\">\n<div class=\"group\/conversation-turn relative flex w-full min-w-0 flex-col agent-turn @xs\/thread:px-0 @sm\/thread:px-1.5 @md\/thread:px-4\">\n<div class=\"flex-col gap-1 md:gap-3\">\n<div class=\"flex max-w-full flex-col flex-grow\">\n<div class=\"min-h-8 text-message relative flex w-full flex-col items-end gap-2 whitespace-normal break-words text-start [.text-message+&amp;]:mt-5\" dir=\"auto\" data-message-author-role=\"assistant\" data-message-id=\"2ddc26fa-53f4-4885-ab0d-153eab95e062\" data-message-model-slug=\"gpt-4o\">\n<div class=\"flex w-full flex-col gap-1 empty:hidden first:pt-[3px]\">\n<div class=\"markdown prose w-full break-words dark:prose-invert dark\">\n<p class=\"\" data-start=\"72\" data-end=\"397\">La noche del domingo, un ataque armado en el bar \u00abMu\u00f1emiches Wings\u00bb, ubicado en Bosques de San Sebasti\u00e1n, dej\u00f3 un saldo de un hombre muerto y cuatro personas heridas. Testigos afirmaron que los agresores llegaron encapuchados y armados, identific\u00e1ndose como miembros del grupo delictivo \u00abLa Barredora\u00bb antes de abrir fuego.<\/p>\n<h3 data-start=\"72\" data-end=\"397\"><strong>Ataque directo\u00a0<\/strong><\/h3>\n<p class=\"\" data-start=\"399\" data-end=\"711\">El tiroteo ocurri\u00f3 alrededor de las 22:00 horas, sembrando p\u00e1nico entre los asistentes. Las detonaciones alertaron a los cuerpos de seguridad, quienes desplegaron un operativo con la Marina; la Secretar\u00eda de la Defensa Nacional (Sedena) y la polic\u00eda municipal para asegurar la zona y buscar a los responsables.<\/p>\n<p class=\"\" data-start=\"713\" data-end=\"1076\">Param\u00e9dicos del Sistema de Urgencias M\u00e9dicas Avanzadas (SUMA) confirmaron la muerte de un hombre en el lugar; mientras que atendieron a cuatro heridos; tres con impactos de bala y una mujer con una lesi\u00f3n en el cr\u00e1neo que le provoc\u00f3 un shock hipovol\u00e9mico grado dos. Aunque en un inicio se report\u00f3 una segunda v\u00edctima fatal, las autoridades no lo han confirmado.<\/p>\n<p class=\"\" data-start=\"1078\" data-end=\"1320\">El titular de la SSC, F\u00e9lix Pallares Miranda, supervis\u00f3 las labores de emergencia y la b\u00fasqueda de los agresores. Peritos de la Fiscal\u00eda General del Estado recabaron indicios bal\u00edsticos y se investiga si el ataque fue una ejecuci\u00f3n directa.<\/p>\n<p class=\"\" data-start=\"1322\" data-end=\"1423\">Las autoridades contin\u00faan con las indagatorias para esclarecer los hechos y dar con los responsables.<\/p>\n<\/div>\n<\/div>\n<\/div>\n<\/div>\n<\/div>\n<\/div>\n<\/div>\n<\/div>\n<\/article>\n<div class=\"pointer-events-none h-px w-px\" aria-hidden=\"true\" data-edge=\"true\"><\/div>\n","protected":false},"excerpt":{"rendered":"<p>La noche del domingo, un ataque armado en el bar \u00abMu\u00f1emiches Wings\u00bb, ubicado en Bosques de San Sebasti\u00e1n, dej\u00f3 un saldo de un hombre muerto y cuatro personas heridas. Testigos afirmaron que los agresores llegaron encapuchados y armados, identific\u00e1ndose como miembros del grupo delictivo \u00abLa Barredora\u00bb antes de abrir fuego. Ataque directo\u00a0 El tiroteo ocurri\u00f3 [&hellip;]<\/p>\n","protected":false},"author":168,"featured_media":450119,"comment_status":"open","ping_status":"open","sticky":false,"template":"","format":"standard","meta":{"footnotes":""},"categories":[82762],"tags":[639,6610,41,65,1818,27,8254,2317,90915,18],"yst_prominent_words":[44736,61322,29658,33861,33327],"class_list":["post-450118","post","type-post","status-publish","format-standard","has-post-thumbnail","hentry","category-seguridad","tag-bosques-de-san-sebastian","tag-ejecutado","tag-es-noticia","tag-esnoticia","tag-heridos","tag-hoyesnoticia","tag-hoyesnoticiaapp","tag-muerto","tag-munemiches","tag-puebla"],"_links":{"self":[{"href":"https:\/\/sintesis.com.mx\/puebla\/wp-json\/wp\/v2\/posts\/450118"}],"collection":[{"href":"https:\/\/sintesis.com.mx\/puebla\/wp-json\/wp\/v2\/posts"}],"about":[{"href":"https:\/\/sintesis.com.mx\/puebla\/wp-json\/wp\/v2\/types\/post"}],"author":[{"embeddable":true,"href":"https:\/\/sintesis.com.mx\/puebla\/wp-json\/wp\/v2\/users\/168"}],"replies":[{"embeddable":true,"href":"https:\/\/sintesis.com.mx\/puebla\/wp-json\/wp\/v2\/comments?post=450118"}],"version-history":[{"count":3,"href":"https:\/\/sintesis.com.mx\/puebla\/wp-json\/wp\/v2\/posts\/450118\/revisions"}],"predecessor-version":[{"id":450131,"href":"https:\/\/sintesis.com.mx\/puebla\/wp-json\/wp\/v2\/posts\/450118\/revisions\/450131"}],"wp:featuredmedia":[{"embeddable":true,"href":"https:\/\/sintesis.com.mx\/puebla\/wp-json\/wp\/v2\/media\/450119"}],"wp:attachment":[{"href":"https:\/\/sintesis.com.mx\/puebla\/wp-json\/wp\/v2\/media?parent=450118"}],"wp:term":[{"taxonomy":"category","embeddable":true,"href":"https:\/\/sintesis.com.mx\/puebla\/wp-json\/wp\/v2\/categories?post=450118"},{"taxonomy":"post_tag","embeddable":true,"href":"https:\/\/sintesis.com.mx\/puebla\/wp-json\/wp\/v2\/tags?post=450118"},{"taxonomy":"yst_prominent_words","embeddable":true,"href":"https:\/\/sintesis.com.mx\/puebla\/wp-json\/wp\/v2\/yst_prominent_words?post=450118"}],"curies":[{"name":"wp","href":"https:\/\/api.w.org\/{rel}","templated":true}]}}