{"id":450897,"date":"2025-03-30T13:33:54","date_gmt":"2025-03-30T19:33:54","guid":{"rendered":"https:\/\/sintesis.com.mx\/puebla\/?p=450897"},"modified":"2025-03-30T13:33:54","modified_gmt":"2025-03-30T19:33:54","slug":"igualdad-mujeres-imparables","status":"publish","type":"post","link":"https:\/\/sintesis.com.mx\/puebla\/2025\/03\/30\/igualdad-mujeres-imparables\/","title":{"rendered":"Gobierno fomenta la igualdad con la Carrera Mujeres Imparables 2025"},"content":{"rendered":"<p>El Gobierno de la Ciudad refrend\u00f3 su compromiso con la equidad de g\u00e9nero y las acciones a favor de las poblanas. Esto se reflej\u00f3 con el desarrollo de la Carrera Mujeres Imparables 2025, que cont\u00f3 con una gran participaci\u00f3n en las rutas de 5 y 10 kil\u00f3metros. Lo recaudado por las inscripciones ser\u00e1 donado a las asociaciones ANTHUS AC y Fundaci\u00f3n ECHO.<\/p>\n<p>En el marco del Mes de las Mujeres, la carrera fue organizada por la Secretar\u00eda para la Igualdad Sustantiva de G\u00e9nero y el Instituto Municipal del Deporte, dise\u00f1ada para destacar el papel de las mujeres en diversos \u00e1mbitos de la vida en Puebla, as\u00ed como abrir espacios para el deporte.<\/p>\n<p><img loading=\"lazy\" decoding=\"async\" class=\"aligncenter wp-image-450899 size-full\" src=\"https:\/\/sintesis.com.mx\/puebla\/wp-content\/uploads\/2025\/03\/WhatsApp-Image-2025-03-30-at-1.11.51-PM-1-scaled.jpeg\" alt=\"\" width=\"2560\" height=\"1706\" srcset=\"https:\/\/sintesis.com.mx\/puebla\/wp-content\/uploads\/2025\/03\/WhatsApp-Image-2025-03-30-at-1.11.51-PM-1-scaled.jpeg 2560w, https:\/\/sintesis.com.mx\/puebla\/wp-content\/uploads\/2025\/03\/WhatsApp-Image-2025-03-30-at-1.11.51-PM-1-300x200.jpeg 300w, https:\/\/sintesis.com.mx\/puebla\/wp-content\/uploads\/2025\/03\/WhatsApp-Image-2025-03-30-at-1.11.51-PM-1-1024x683.jpeg 1024w, https:\/\/sintesis.com.mx\/puebla\/wp-content\/uploads\/2025\/03\/WhatsApp-Image-2025-03-30-at-1.11.51-PM-1-768x512.jpeg 768w, https:\/\/sintesis.com.mx\/puebla\/wp-content\/uploads\/2025\/03\/WhatsApp-Image-2025-03-30-at-1.11.51-PM-1-1536x1024.jpeg 1536w, https:\/\/sintesis.com.mx\/puebla\/wp-content\/uploads\/2025\/03\/WhatsApp-Image-2025-03-30-at-1.11.51-PM-1-2048x1365.jpeg 2048w, https:\/\/sintesis.com.mx\/puebla\/wp-content\/uploads\/2025\/03\/WhatsApp-Image-2025-03-30-at-1.11.51-PM-1-696x464.jpeg 696w, https:\/\/sintesis.com.mx\/puebla\/wp-content\/uploads\/2025\/03\/WhatsApp-Image-2025-03-30-at-1.11.51-PM-1-1068x712.jpeg 1068w, https:\/\/sintesis.com.mx\/puebla\/wp-content\/uploads\/2025\/03\/WhatsApp-Image-2025-03-30-at-1.11.51-PM-1-630x420.jpeg 630w\" sizes=\"(max-width: 2560px) 100vw, 2560px\" \/><\/p>\n<p>Desde la plancha del Z\u00f3calo, el presidente municipal, Pepe Chedraui Budib, junto con Zaira Gonz\u00e1lez, titular de la Secretar\u00eda para la Igualdad Sustantiva, y Ricardo Zayas Gallardo, director del Instituto Municipal del Deporte, dieron el banderazo de salida,<\/p>\n<p>El alcalde reconoci\u00f3 y agradeci\u00f3 la participaci\u00f3n de las mujeres poblanas, as\u00ed como de los patrocinadores, quienes mostraron su compromiso a favor del deporte y por la igualdad de g\u00e9nero en este evento deportivo que fue organizado por el Gobierno de la Ciudad. Asimismo, se sumaron regidoras y titulares de diversas dependencias de la capital.<\/p>\n<p>\u201cA todos los que est\u00e1n aqu\u00ed presentes, gracias. Y, como bien dice Ricardo, gracias a las participantes que se sumaron a este gran evento, representando a las mujeres en el mes de las mujeres (\u2026) Que sea para bien de todo el a\u00f1o. Saben perfectamente bien que el municipio est\u00e1 detr\u00e1s de las mujeres, que cuenten con nosotros para ser un facilitador\u201d, agreg\u00f3.<\/p>\n<p><img loading=\"lazy\" decoding=\"async\" class=\"aligncenter wp-image-450900 size-full\" src=\"https:\/\/sintesis.com.mx\/puebla\/wp-content\/uploads\/2025\/03\/WhatsApp-Image-2025-03-30-at-1.11.52-PM-scaled.jpeg\" alt=\"\" width=\"2560\" height=\"1706\" srcset=\"https:\/\/sintesis.com.mx\/puebla\/wp-content\/uploads\/2025\/03\/WhatsApp-Image-2025-03-30-at-1.11.52-PM-scaled.jpeg 2560w, https:\/\/sintesis.com.mx\/puebla\/wp-content\/uploads\/2025\/03\/WhatsApp-Image-2025-03-30-at-1.11.52-PM-300x200.jpeg 300w, https:\/\/sintesis.com.mx\/puebla\/wp-content\/uploads\/2025\/03\/WhatsApp-Image-2025-03-30-at-1.11.52-PM-1024x683.jpeg 1024w, https:\/\/sintesis.com.mx\/puebla\/wp-content\/uploads\/2025\/03\/WhatsApp-Image-2025-03-30-at-1.11.52-PM-768x512.jpeg 768w, https:\/\/sintesis.com.mx\/puebla\/wp-content\/uploads\/2025\/03\/WhatsApp-Image-2025-03-30-at-1.11.52-PM-1536x1024.jpeg 1536w, https:\/\/sintesis.com.mx\/puebla\/wp-content\/uploads\/2025\/03\/WhatsApp-Image-2025-03-30-at-1.11.52-PM-2048x1365.jpeg 2048w, https:\/\/sintesis.com.mx\/puebla\/wp-content\/uploads\/2025\/03\/WhatsApp-Image-2025-03-30-at-1.11.52-PM-696x464.jpeg 696w, https:\/\/sintesis.com.mx\/puebla\/wp-content\/uploads\/2025\/03\/WhatsApp-Image-2025-03-30-at-1.11.52-PM-1068x712.jpeg 1068w, https:\/\/sintesis.com.mx\/puebla\/wp-content\/uploads\/2025\/03\/WhatsApp-Image-2025-03-30-at-1.11.52-PM-630x420.jpeg 630w\" sizes=\"(max-width: 2560px) 100vw, 2560px\" \/><\/p>\n<p>Durante su discurso, la secretaria para la Igualdad Sustantiva de G\u00e9nero, Zaira Gonz\u00e1lez, destac\u00f3 la importancia de este evento para visibilizar la lucha de las mujeres por la igualdad y el apoyo mutuo. \u00abCada zancada que damos representa la lucha de tantas mujeres que han abierto camino antes que nosotras y de todas aquellas que hoy siguen enfrentando barreras para ejercer sus derechos. Aqu\u00ed, en cada paso, demostramos que somos fuertes, que somos solidarias y que juntas podemos superar cualquier obst\u00e1culo, porque somos imparables\u00bb, se\u00f1al\u00f3.<\/p>\n<p>Asimismo, la funcionaria agradeci\u00f3 el respaldo del presidente, Pepe Chedraui, y la colaboraci\u00f3n de Ricardo Zayas Gallardo, titular del Instituto Municipal del Deporte, quienes hicieron posible esta iniciativa. Tambi\u00e9n reconoci\u00f3 la labor de Leticia Gir\u00f3n Basurto, de ANTHUS AC, y de Yazm\u00edn Garc\u00eda P\u00e9rez, de la Fundaci\u00f3n ECHO, por su incansable trabajo a favor de los derechos de las mujeres y ni\u00f1as.<\/p>\n<p>Durante su intervenci\u00f3n, Ricardo Zayas Gallardo, director del Instituto Municipal del Deporte de Puebla, destac\u00f3 el entusiasmo y la participaci\u00f3n de todas las mujeres que impulsaron el movimiento \u201cMujeres Imparables\u201d. \u201cEsta carrera fue dise\u00f1ada especialmente para ustedes, creando un espacio seguro y exclusivo para las mujeres de la capital imparable. Asimismo, agradecemos a nuestros patrocinadores y aliados por hacer posible este evento\u201d, enfatiz\u00f3.<\/p>\n<p><img loading=\"lazy\" decoding=\"async\" class=\"aligncenter wp-image-450901 size-full\" src=\"https:\/\/sintesis.com.mx\/puebla\/wp-content\/uploads\/2025\/03\/WhatsApp-Image-2025-03-30-at-1.11.52-PM-1-scaled.jpeg\" alt=\"\" width=\"2560\" height=\"1706\" srcset=\"https:\/\/sintesis.com.mx\/puebla\/wp-content\/uploads\/2025\/03\/WhatsApp-Image-2025-03-30-at-1.11.52-PM-1-scaled.jpeg 2560w, https:\/\/sintesis.com.mx\/puebla\/wp-content\/uploads\/2025\/03\/WhatsApp-Image-2025-03-30-at-1.11.52-PM-1-300x200.jpeg 300w, https:\/\/sintesis.com.mx\/puebla\/wp-content\/uploads\/2025\/03\/WhatsApp-Image-2025-03-30-at-1.11.52-PM-1-1024x683.jpeg 1024w, https:\/\/sintesis.com.mx\/puebla\/wp-content\/uploads\/2025\/03\/WhatsApp-Image-2025-03-30-at-1.11.52-PM-1-768x512.jpeg 768w, https:\/\/sintesis.com.mx\/puebla\/wp-content\/uploads\/2025\/03\/WhatsApp-Image-2025-03-30-at-1.11.52-PM-1-1536x1024.jpeg 1536w, https:\/\/sintesis.com.mx\/puebla\/wp-content\/uploads\/2025\/03\/WhatsApp-Image-2025-03-30-at-1.11.52-PM-1-2048x1365.jpeg 2048w, https:\/\/sintesis.com.mx\/puebla\/wp-content\/uploads\/2025\/03\/WhatsApp-Image-2025-03-30-at-1.11.52-PM-1-696x464.jpeg 696w, https:\/\/sintesis.com.mx\/puebla\/wp-content\/uploads\/2025\/03\/WhatsApp-Image-2025-03-30-at-1.11.52-PM-1-1068x712.jpeg 1068w, https:\/\/sintesis.com.mx\/puebla\/wp-content\/uploads\/2025\/03\/WhatsApp-Image-2025-03-30-at-1.11.52-PM-1-630x420.jpeg 630w\" sizes=\"(max-width: 2560px) 100vw, 2560px\" \/><\/p>\n<p>El evento cont\u00f3 con el apoyo de patrocinadores comprometidos con la igualdad de g\u00e9nero, como Grupo Italpasta, Electrolit y Estrella Roja, entre otros, quienes contribuyeron a que esta carrera no solo fuera una competencia deportiva, sino una manifestaci\u00f3n de sororidad y esperanza por un futuro sin violencia de g\u00e9nero en la capital.<\/p>\n<p>El Gobierno de la Ciudad reitera su compromiso de impulsar acciones que garanticen los derechos de las mujeres y fomenten espacios seguros y equitativos.<\/p>\n\r\n                <style type=\"text\/css\">\r\n                    \r\n                    #td_uid_1_69f5c5e0973a7  .td-doubleSlider-2 .td-item1 {\r\n                        background: url(https:\/\/sintesis.com.mx\/puebla\/wp-content\/uploads\/2025\/03\/WhatsApp-Image-2025-03-30-at-1.11.54-PM-80x60.jpeg) 0 0 no-repeat;\r\n                    }\r\n                    #td_uid_1_69f5c5e0973a7  .td-doubleSlider-2 .td-item2 {\r\n                        background: url(https:\/\/sintesis.com.mx\/puebla\/wp-content\/uploads\/2025\/03\/WhatsApp-Image-2025-03-30-at-1.11.53-PM-1-80x60.jpeg) 0 0 no-repeat;\r\n                    }\r\n                    #td_uid_1_69f5c5e0973a7  .td-doubleSlider-2 .td-item3 {\r\n                        background: url(https:\/\/sintesis.com.mx\/puebla\/wp-content\/uploads\/2025\/03\/WhatsApp-Image-2025-03-30-at-1.11.53-PM-80x60.jpeg) 0 0 no-repeat;\r\n                    }\r\n                    #td_uid_1_69f5c5e0973a7  .td-doubleSlider-2 .td-item4 {\r\n                        background: url(https:\/\/sintesis.com.mx\/puebla\/wp-content\/uploads\/2025\/03\/WhatsApp-Image-2025-03-30-at-1.11.52-PM-3-80x60.jpeg) 0 0 no-repeat;\r\n                    }\r\n                    #td_uid_1_69f5c5e0973a7  .td-doubleSlider-2 .td-item5 {\r\n                        background: url(https:\/\/sintesis.com.mx\/puebla\/wp-content\/uploads\/2025\/03\/WhatsApp-Image-2025-03-30-at-1.11.52-PM-2-80x60.jpeg) 0 0 no-repeat;\r\n                    }\r\n                <\/style>\r\n\r\n                <div id=\"td_uid_1_69f5c5e0973a7\" class=\"td-slide-on-2-columns\">\r\n                    <div class=\"post_td_gallery\">\r\n                        <div class=\"td-gallery-slide-top\">\r\n                           <div class=\"td-gallery-title\"><\/div>\r\n\r\n                            <div class=\"td-gallery-controls-wrapper\">\r\n                                <div class=\"td-gallery-slide-count\"><span class=\"td-gallery-slide-item-focus\">1<\/span> of 5<\/div>\r\n                                <div class=\"td-gallery-slide-prev-next-but\">\r\n                                    <i class = \"td-icon-left doubleSliderPrevButton\"><\/i>\r\n                                    <i class = \"td-icon-right doubleSliderNextButton\"><\/i>\r\n                                <\/div>\r\n                            <\/div>\r\n                        <\/div>\r\n\r\n                        <div class = \"td-doubleSlider-1 \">\r\n                            <div class = \"td-slider\">\r\n                                \r\n                    <div class = \"td-slide-item td-item1\">\r\n                        <figure class=\"td-slide-galery-figure td-slide-popup-gallery\">\r\n                            <a class=\"slide-gallery-image-link\" href=\"https:\/\/sintesis.com.mx\/puebla\/wp-content\/uploads\/2025\/03\/WhatsApp-Image-2025-03-30-at-1.11.54-PM-scaled.jpeg\" title=\"WhatsApp Image 2025-03-30 at 1.11.54 PM\"  data-caption=\"\"  data-description=\"\">\r\n                                <img decoding=\"async\" src=\"https:\/\/sintesis.com.mx\/puebla\/wp-content\/uploads\/2025\/03\/WhatsApp-Image-2025-03-30-at-1.11.54-PM-630x420.jpeg\" srcset=\"https:\/\/sintesis.com.mx\/puebla\/wp-content\/uploads\/2025\/03\/WhatsApp-Image-2025-03-30-at-1.11.54-PM-630x420.jpeg 630w, https:\/\/sintesis.com.mx\/puebla\/wp-content\/uploads\/2025\/03\/WhatsApp-Image-2025-03-30-at-1.11.54-PM-300x200.jpeg 300w, https:\/\/sintesis.com.mx\/puebla\/wp-content\/uploads\/2025\/03\/WhatsApp-Image-2025-03-30-at-1.11.54-PM-1024x683.jpeg 1024w, https:\/\/sintesis.com.mx\/puebla\/wp-content\/uploads\/2025\/03\/WhatsApp-Image-2025-03-30-at-1.11.54-PM-768x512.jpeg 768w, https:\/\/sintesis.com.mx\/puebla\/wp-content\/uploads\/2025\/03\/WhatsApp-Image-2025-03-30-at-1.11.54-PM-1536x1024.jpeg 1536w, https:\/\/sintesis.com.mx\/puebla\/wp-content\/uploads\/2025\/03\/WhatsApp-Image-2025-03-30-at-1.11.54-PM-2048x1365.jpeg 2048w, https:\/\/sintesis.com.mx\/puebla\/wp-content\/uploads\/2025\/03\/WhatsApp-Image-2025-03-30-at-1.11.54-PM-696x464.jpeg 696w, https:\/\/sintesis.com.mx\/puebla\/wp-content\/uploads\/2025\/03\/WhatsApp-Image-2025-03-30-at-1.11.54-PM-1068x712.jpeg 1068w\" sizes=\"(max-width: 630px) 100vw, 630px\" alt=\"\">\r\n                            <\/a>\r\n                            \r\n                        <\/figure>\r\n                    <\/div>\r\n                    <div class = \"td-slide-item td-item2\">\r\n                        <figure class=\"td-slide-galery-figure td-slide-popup-gallery\">\r\n                            <a class=\"slide-gallery-image-link\" href=\"https:\/\/sintesis.com.mx\/puebla\/wp-content\/uploads\/2025\/03\/WhatsApp-Image-2025-03-30-at-1.11.53-PM-1-scaled.jpeg\" title=\"WhatsApp Image 2025-03-30 at 1.11.53 PM (1)\"  data-caption=\"\"  data-description=\"\">\r\n                                <img decoding=\"async\" src=\"https:\/\/sintesis.com.mx\/puebla\/wp-content\/uploads\/2025\/03\/WhatsApp-Image-2025-03-30-at-1.11.53-PM-1-630x420.jpeg\" srcset=\"https:\/\/sintesis.com.mx\/puebla\/wp-content\/uploads\/2025\/03\/WhatsApp-Image-2025-03-30-at-1.11.53-PM-1-630x420.jpeg 630w, https:\/\/sintesis.com.mx\/puebla\/wp-content\/uploads\/2025\/03\/WhatsApp-Image-2025-03-30-at-1.11.53-PM-1-300x200.jpeg 300w, https:\/\/sintesis.com.mx\/puebla\/wp-content\/uploads\/2025\/03\/WhatsApp-Image-2025-03-30-at-1.11.53-PM-1-1024x683.jpeg 1024w, https:\/\/sintesis.com.mx\/puebla\/wp-content\/uploads\/2025\/03\/WhatsApp-Image-2025-03-30-at-1.11.53-PM-1-768x512.jpeg 768w, https:\/\/sintesis.com.mx\/puebla\/wp-content\/uploads\/2025\/03\/WhatsApp-Image-2025-03-30-at-1.11.53-PM-1-1536x1024.jpeg 1536w, https:\/\/sintesis.com.mx\/puebla\/wp-content\/uploads\/2025\/03\/WhatsApp-Image-2025-03-30-at-1.11.53-PM-1-2048x1365.jpeg 2048w, https:\/\/sintesis.com.mx\/puebla\/wp-content\/uploads\/2025\/03\/WhatsApp-Image-2025-03-30-at-1.11.53-PM-1-696x464.jpeg 696w, https:\/\/sintesis.com.mx\/puebla\/wp-content\/uploads\/2025\/03\/WhatsApp-Image-2025-03-30-at-1.11.53-PM-1-1068x712.jpeg 1068w\" sizes=\"(max-width: 630px) 100vw, 630px\" alt=\"\">\r\n                            <\/a>\r\n                            \r\n                        <\/figure>\r\n                    <\/div>\r\n                    <div class = \"td-slide-item td-item3\">\r\n                        <figure class=\"td-slide-galery-figure td-slide-popup-gallery\">\r\n                            <a class=\"slide-gallery-image-link\" href=\"https:\/\/sintesis.com.mx\/puebla\/wp-content\/uploads\/2025\/03\/WhatsApp-Image-2025-03-30-at-1.11.53-PM-scaled.jpeg\" title=\"WhatsApp Image 2025-03-30 at 1.11.53 PM\"  data-caption=\"\"  data-description=\"\">\r\n                                <img decoding=\"async\" src=\"https:\/\/sintesis.com.mx\/puebla\/wp-content\/uploads\/2025\/03\/WhatsApp-Image-2025-03-30-at-1.11.53-PM-280x420.jpeg\" srcset=\"https:\/\/sintesis.com.mx\/puebla\/wp-content\/uploads\/2025\/03\/WhatsApp-Image-2025-03-30-at-1.11.53-PM-280x420.jpeg 280w, https:\/\/sintesis.com.mx\/puebla\/wp-content\/uploads\/2025\/03\/WhatsApp-Image-2025-03-30-at-1.11.53-PM-200x300.jpeg 200w, https:\/\/sintesis.com.mx\/puebla\/wp-content\/uploads\/2025\/03\/WhatsApp-Image-2025-03-30-at-1.11.53-PM-683x1024.jpeg 683w, https:\/\/sintesis.com.mx\/puebla\/wp-content\/uploads\/2025\/03\/WhatsApp-Image-2025-03-30-at-1.11.53-PM-768x1152.jpeg 768w, https:\/\/sintesis.com.mx\/puebla\/wp-content\/uploads\/2025\/03\/WhatsApp-Image-2025-03-30-at-1.11.53-PM-1024x1536.jpeg 1024w, https:\/\/sintesis.com.mx\/puebla\/wp-content\/uploads\/2025\/03\/WhatsApp-Image-2025-03-30-at-1.11.53-PM-1365x2048.jpeg 1365w, https:\/\/sintesis.com.mx\/puebla\/wp-content\/uploads\/2025\/03\/WhatsApp-Image-2025-03-30-at-1.11.53-PM-696x1044.jpeg 696w, https:\/\/sintesis.com.mx\/puebla\/wp-content\/uploads\/2025\/03\/WhatsApp-Image-2025-03-30-at-1.11.53-PM-1068x1602.jpeg 1068w, https:\/\/sintesis.com.mx\/puebla\/wp-content\/uploads\/2025\/03\/WhatsApp-Image-2025-03-30-at-1.11.53-PM-scaled.jpeg 1706w\" sizes=\"(max-width: 280px) 100vw, 280px\" alt=\"\">\r\n                            <\/a>\r\n                            \r\n                        <\/figure>\r\n                    <\/div>\r\n                    <div class = \"td-slide-item td-item4\">\r\n                        <figure class=\"td-slide-galery-figure td-slide-popup-gallery\">\r\n                            <a class=\"slide-gallery-image-link\" href=\"https:\/\/sintesis.com.mx\/puebla\/wp-content\/uploads\/2025\/03\/WhatsApp-Image-2025-03-30-at-1.11.52-PM-3-scaled.jpeg\" title=\"WhatsApp Image 2025-03-30 at 1.11.52 PM (3)\"  data-caption=\"\"  data-description=\"\">\r\n                                <img decoding=\"async\" src=\"https:\/\/sintesis.com.mx\/puebla\/wp-content\/uploads\/2025\/03\/WhatsApp-Image-2025-03-30-at-1.11.52-PM-3-630x420.jpeg\" srcset=\"https:\/\/sintesis.com.mx\/puebla\/wp-content\/uploads\/2025\/03\/WhatsApp-Image-2025-03-30-at-1.11.52-PM-3-630x420.jpeg 630w, https:\/\/sintesis.com.mx\/puebla\/wp-content\/uploads\/2025\/03\/WhatsApp-Image-2025-03-30-at-1.11.52-PM-3-300x200.jpeg 300w, https:\/\/sintesis.com.mx\/puebla\/wp-content\/uploads\/2025\/03\/WhatsApp-Image-2025-03-30-at-1.11.52-PM-3-1024x683.jpeg 1024w, https:\/\/sintesis.com.mx\/puebla\/wp-content\/uploads\/2025\/03\/WhatsApp-Image-2025-03-30-at-1.11.52-PM-3-768x512.jpeg 768w, https:\/\/sintesis.com.mx\/puebla\/wp-content\/uploads\/2025\/03\/WhatsApp-Image-2025-03-30-at-1.11.52-PM-3-1536x1024.jpeg 1536w, https:\/\/sintesis.com.mx\/puebla\/wp-content\/uploads\/2025\/03\/WhatsApp-Image-2025-03-30-at-1.11.52-PM-3-2048x1365.jpeg 2048w, https:\/\/sintesis.com.mx\/puebla\/wp-content\/uploads\/2025\/03\/WhatsApp-Image-2025-03-30-at-1.11.52-PM-3-696x464.jpeg 696w, https:\/\/sintesis.com.mx\/puebla\/wp-content\/uploads\/2025\/03\/WhatsApp-Image-2025-03-30-at-1.11.52-PM-3-1068x712.jpeg 1068w\" sizes=\"(max-width: 630px) 100vw, 630px\" alt=\"\">\r\n                            <\/a>\r\n                            \r\n                        <\/figure>\r\n                    <\/div>\r\n                    <div class = \"td-slide-item td-item5\">\r\n                        <figure class=\"td-slide-galery-figure td-slide-popup-gallery\">\r\n                            <a class=\"slide-gallery-image-link\" href=\"https:\/\/sintesis.com.mx\/puebla\/wp-content\/uploads\/2025\/03\/WhatsApp-Image-2025-03-30-at-1.11.52-PM-2-scaled.jpeg\" title=\"WhatsApp Image 2025-03-30 at 1.11.52 PM (2)\"  data-caption=\"\"  data-description=\"\">\r\n                                <img decoding=\"async\" src=\"https:\/\/sintesis.com.mx\/puebla\/wp-content\/uploads\/2025\/03\/WhatsApp-Image-2025-03-30-at-1.11.52-PM-2-630x420.jpeg\" srcset=\"https:\/\/sintesis.com.mx\/puebla\/wp-content\/uploads\/2025\/03\/WhatsApp-Image-2025-03-30-at-1.11.52-PM-2-630x420.jpeg 630w, https:\/\/sintesis.com.mx\/puebla\/wp-content\/uploads\/2025\/03\/WhatsApp-Image-2025-03-30-at-1.11.52-PM-2-300x200.jpeg 300w, https:\/\/sintesis.com.mx\/puebla\/wp-content\/uploads\/2025\/03\/WhatsApp-Image-2025-03-30-at-1.11.52-PM-2-1024x683.jpeg 1024w, https:\/\/sintesis.com.mx\/puebla\/wp-content\/uploads\/2025\/03\/WhatsApp-Image-2025-03-30-at-1.11.52-PM-2-768x512.jpeg 768w, https:\/\/sintesis.com.mx\/puebla\/wp-content\/uploads\/2025\/03\/WhatsApp-Image-2025-03-30-at-1.11.52-PM-2-1536x1024.jpeg 1536w, https:\/\/sintesis.com.mx\/puebla\/wp-content\/uploads\/2025\/03\/WhatsApp-Image-2025-03-30-at-1.11.52-PM-2-2048x1365.jpeg 2048w, https:\/\/sintesis.com.mx\/puebla\/wp-content\/uploads\/2025\/03\/WhatsApp-Image-2025-03-30-at-1.11.52-PM-2-696x464.jpeg 696w, https:\/\/sintesis.com.mx\/puebla\/wp-content\/uploads\/2025\/03\/WhatsApp-Image-2025-03-30-at-1.11.52-PM-2-1068x712.jpeg 1068w\" sizes=\"(max-width: 630px) 100vw, 630px\" alt=\"\">\r\n                            <\/a>\r\n                            \r\n                        <\/figure>\r\n                    <\/div>\r\n                            <\/div>\r\n                        <\/div>\r\n\r\n                        <div class = \"td-doubleSlider-2\">\r\n                            <div class = \"td-slider\">\r\n                                \r\n                    <div class = \"td-button td-item1\">\r\n                        <div class = \"td-border\"><\/div>\r\n                    <\/div>\r\n                    <div class = \"td-button td-item2\">\r\n                        <div class = \"td-border\"><\/div>\r\n                    <\/div>\r\n                    <div class = \"td-button td-item3\">\r\n                        <div class = \"td-border\"><\/div>\r\n                    <\/div>\r\n                    <div class = \"td-button td-item4\">\r\n                        <div class = \"td-border\"><\/div>\r\n                    <\/div>\r\n                    <div class = \"td-button td-item5\">\r\n                        <div class = \"td-border\"><\/div>\r\n                    <\/div>\r\n                            <\/div>\r\n                        <\/div>\r\n\r\n                    <\/div>\r\n\r\n                <\/div>\r\n                \n","protected":false},"excerpt":{"rendered":"<p>El Gobierno de la Ciudad refrend\u00f3 su compromiso con la equidad de g\u00e9nero y las acciones a favor de las poblanas. Esto se reflej\u00f3 con el desarrollo de la Carrera Mujeres Imparables 2025, que cont\u00f3 con una gran participaci\u00f3n en las rutas de 5 y 10 kil\u00f3metros. Lo recaudado por las inscripciones ser\u00e1 donado a [&hellip;]<\/p>\n","protected":false},"author":26,"featured_media":450898,"comment_status":"open","ping_status":"open","sticky":false,"template":"","format":"standard","meta":{"footnotes":""},"categories":[86888,72263,3],"tags":[41,65,27,8254,18,23,20668],"yst_prominent_words":[65184,38814,35378,48686,42597,51744,31161,51745,48689,48685,29654],"class_list":["post-450897","post","type-post","status-publish","format-standard","has-post-thumbnail","hentry","category-ayuntamiento-de-puebla","category-capital","category-puebla","tag-es-noticia","tag-esnoticia","tag-hoyesnoticia","tag-hoyesnoticiaapp","tag-puebla","tag-slide","tag-slider"],"_links":{"self":[{"href":"https:\/\/sintesis.com.mx\/puebla\/wp-json\/wp\/v2\/posts\/450897"}],"collection":[{"href":"https:\/\/sintesis.com.mx\/puebla\/wp-json\/wp\/v2\/posts"}],"about":[{"href":"https:\/\/sintesis.com.mx\/puebla\/wp-json\/wp\/v2\/types\/post"}],"author":[{"embeddable":true,"href":"https:\/\/sintesis.com.mx\/puebla\/wp-json\/wp\/v2\/users\/26"}],"replies":[{"embeddable":true,"href":"https:\/\/sintesis.com.mx\/puebla\/wp-json\/wp\/v2\/comments?post=450897"}],"version-history":[{"count":1,"href":"https:\/\/sintesis.com.mx\/puebla\/wp-json\/wp\/v2\/posts\/450897\/revisions"}],"predecessor-version":[{"id":450907,"href":"https:\/\/sintesis.com.mx\/puebla\/wp-json\/wp\/v2\/posts\/450897\/revisions\/450907"}],"wp:featuredmedia":[{"embeddable":true,"href":"https:\/\/sintesis.com.mx\/puebla\/wp-json\/wp\/v2\/media\/450898"}],"wp:attachment":[{"href":"https:\/\/sintesis.com.mx\/puebla\/wp-json\/wp\/v2\/media?parent=450897"}],"wp:term":[{"taxonomy":"category","embeddable":true,"href":"https:\/\/sintesis.com.mx\/puebla\/wp-json\/wp\/v2\/categories?post=450897"},{"taxonomy":"post_tag","embeddable":true,"href":"https:\/\/sintesis.com.mx\/puebla\/wp-json\/wp\/v2\/tags?post=450897"},{"taxonomy":"yst_prominent_words","embeddable":true,"href":"https:\/\/sintesis.com.mx\/puebla\/wp-json\/wp\/v2\/yst_prominent_words?post=450897"}],"curies":[{"name":"wp","href":"https:\/\/api.w.org\/{rel}","templated":true}]}}