{"id":452288,"date":"2025-04-10T14:04:50","date_gmt":"2025-04-10T20:04:50","guid":{"rendered":"https:\/\/sintesis.com.mx\/puebla\/?p=452288"},"modified":"2025-04-10T14:04:50","modified_gmt":"2025-04-10T20:04:50","slug":"armenta-dos-hectareas","status":"publish","type":"post","link":"https:\/\/sintesis.com.mx\/puebla\/2025\/04\/10\/armenta-dos-hectareas\/","title":{"rendered":"Pide Armenta dos hect\u00e1reas a Grupo Proyecta para construir vivienda a polic\u00edas"},"content":{"rendered":"<p class=\"\" data-start=\"102\" data-end=\"463\">El <strong data-start=\"105\" data-end=\"153\">gobernador de Puebla, Alejandro Armenta Mier<\/strong>, solicit\u00f3 al grupo <strong data-start=\"173\" data-end=\"185\">Proyecta<\/strong> la donaci\u00f3n de <strong data-start=\"201\" data-end=\"218\">dos hect\u00e1reas<\/strong> de terreno para la construcci\u00f3n de un complejo habitacional destinado a la <strong data-start=\"294\" data-end=\"335\">Secretar\u00eda de Seguridad P\u00fablica (SSP)<\/strong>. En caso de no hacerlo de manera voluntaria, el mandatario advirti\u00f3 que proceder\u00e1 a expropiar <strong data-start=\"430\" data-end=\"450\">cuatro hect\u00e1reas<\/strong> del terreno.<\/p>\n<p class=\"\" data-start=\"465\" data-end=\"865\">Durante una conferencia de prensa, Armenta Mier explic\u00f3 que los due\u00f1os del consorcio tienen un plazo de <strong data-start=\"569\" data-end=\"580\">30 d\u00edas<\/strong> para ceder el terreno solicitado. El gobernador se\u00f1al\u00f3 que <strong data-start=\"640\" data-end=\"658\">Grupo Proyecta<\/strong> se ha beneficiado significativamente de recursos naturales, como la extracci\u00f3n de agua en el estado, y consider\u00f3 que es momento de que el grupo devuelva parte de lo que ha obtenido gracias a los pobladores.<\/p>\n<p class=\"\" data-start=\"867\" data-end=\"1228\">\u00abHan tenido mucha riqueza, se han beneficiado mucho de los poblanos, y extraen mucha agua. Es momento de donar un pol\u00edgono para que los polic\u00edas tengan un espacio digno para vivir\u00bb, manifest\u00f3 Armenta, subrayando que su petici\u00f3n no busca represalias, sino hacer justicia para los elementos de seguridad que a menudo se quejan de las condiciones en las que viven.<\/p>\n<p class=\"\" data-start=\"1230\" data-end=\"1385\">El gobernador tambi\u00e9n instruy\u00f3 al <strong data-start=\"1264\" data-end=\"1315\">coordinador de gabinete, Jos\u00e9 Luis Garc\u00eda Parra<\/strong>, a elaborar el documento formal que respalde legalmente la solicitud.<\/p>\n<p class=\"\" data-start=\"1387\" data-end=\"1522\">La petici\u00f3n busca garantizar un lugar digno para los elementos de seguridad, quienes, seg\u00fan Armenta, merecen una mejor calidad de vida.<\/p>\n","protected":false},"excerpt":{"rendered":"<p>El gobernador de Puebla, Alejandro Armenta Mier, solicit\u00f3 al grupo Proyecta la donaci\u00f3n de dos hect\u00e1reas de terreno para la construcci\u00f3n de un complejo habitacional destinado a la Secretar\u00eda de Seguridad P\u00fablica (SSP). En caso de no hacerlo de manera voluntaria, el mandatario advirti\u00f3 que proceder\u00e1 a expropiar cuatro hect\u00e1reas del terreno. Durante una conferencia [&hellip;]<\/p>\n","protected":false},"author":9,"featured_media":444768,"comment_status":"open","ping_status":"open","sticky":false,"template":"","format":"standard","meta":{"footnotes":""},"categories":[72262,3],"tags":[1450,3298,10302,7370,91250,18,23,8253,20668,40526,69718],"yst_prominent_words":[31030,33273,33270,32863,30177,35180,29567,30450,34624,33274,30207,44295,36008,29580,35433],"class_list":["post-452288","post","type-post","status-publish","format-standard","has-post-thumbnail","hentry","category-gobierno","category-puebla","tag-alejandro-armenta","tag-gobierno","tag-grupo-proyecta","tag-policias-estatales","tag-proceso-de-expropiacion","tag-puebla","tag-slide","tag-slideapp","tag-slider","tag-sliderapp","tag-unidad-habitacional"],"_links":{"self":[{"href":"https:\/\/sintesis.com.mx\/puebla\/wp-json\/wp\/v2\/posts\/452288"}],"collection":[{"href":"https:\/\/sintesis.com.mx\/puebla\/wp-json\/wp\/v2\/posts"}],"about":[{"href":"https:\/\/sintesis.com.mx\/puebla\/wp-json\/wp\/v2\/types\/post"}],"author":[{"embeddable":true,"href":"https:\/\/sintesis.com.mx\/puebla\/wp-json\/wp\/v2\/users\/9"}],"replies":[{"embeddable":true,"href":"https:\/\/sintesis.com.mx\/puebla\/wp-json\/wp\/v2\/comments?post=452288"}],"version-history":[{"count":3,"href":"https:\/\/sintesis.com.mx\/puebla\/wp-json\/wp\/v2\/posts\/452288\/revisions"}],"predecessor-version":[{"id":452301,"href":"https:\/\/sintesis.com.mx\/puebla\/wp-json\/wp\/v2\/posts\/452288\/revisions\/452301"}],"wp:featuredmedia":[{"embeddable":true,"href":"https:\/\/sintesis.com.mx\/puebla\/wp-json\/wp\/v2\/media\/444768"}],"wp:attachment":[{"href":"https:\/\/sintesis.com.mx\/puebla\/wp-json\/wp\/v2\/media?parent=452288"}],"wp:term":[{"taxonomy":"category","embeddable":true,"href":"https:\/\/sintesis.com.mx\/puebla\/wp-json\/wp\/v2\/categories?post=452288"},{"taxonomy":"post_tag","embeddable":true,"href":"https:\/\/sintesis.com.mx\/puebla\/wp-json\/wp\/v2\/tags?post=452288"},{"taxonomy":"yst_prominent_words","embeddable":true,"href":"https:\/\/sintesis.com.mx\/puebla\/wp-json\/wp\/v2\/yst_prominent_words?post=452288"}],"curies":[{"name":"wp","href":"https:\/\/api.w.org\/{rel}","templated":true}]}}