{"id":452652,"date":"2025-04-13T12:52:28","date_gmt":"2025-04-13T18:52:28","guid":{"rendered":"https:\/\/sintesis.com.mx\/puebla\/?p=452652"},"modified":"2025-04-13T12:52:28","modified_gmt":"2025-04-13T18:52:28","slug":"fiscalia-investiga-cuerpos-fuertes","status":"publish","type":"post","link":"https:\/\/sintesis.com.mx\/puebla\/2025\/04\/13\/fiscalia-investiga-cuerpos-fuertes\/","title":{"rendered":"Fiscal\u00eda investiga hallazgo de cuerpos en el Centro Expositor de los fuertes"},"content":{"rendered":"<p>Al asegurar que har\u00e1 todo lo que est\u00e9 a su alcance para que los mexicanos disfruten de la entidad poblana, el gobernador Alejandro Armenta Mier, inform\u00f3 que la Fiscal\u00eda General del Estado (FGE) ya investiga el hallazgo de cuerpos enfrente del Centro Expositor, sede la pr\u00f3xima Feria de Puebla 2025.<\/p>\n<p>En entrevista, el ejecutivo local manifest\u00f3 que esos hechos son lamentables pero cuentan con un gran equipo de seguridad tanto del Estado como en el municipio, asimismo de la Guardia Nacional y Marina.<\/p>\n<p>\u00abLa fiscal\u00eda est\u00e9 viendo el tema, tenemos que trabajar, hay un gran equipo de seguridad desde la municipal con Pepe Chedraui, la estatal, la Marina y Guardia Nacional y est\u00e1n investigando el tema que lamentamos\u00bb.<\/p>\n<p>Sostuvo que har\u00e1 todo que est\u00e9 a su alcance para que Puebla est\u00e9 tranquila y que las y los mexicanos disfruten de la pr\u00f3xima Feria de Puebla<\/p>\n<p>\u00abTengan por seguro que haremos todo lo que est\u00e9 a nuestro alcance, que Puebla sea disfrutada por los mexicanos, tenemos derecho a vivir en paz, somos promotores de la paz y del orden, y de la justicia\u00bb.<\/p>\n<p>Este s\u00e1bado en la ma\u00f1ana se localiz\u00f3 una camioneta con dos cuerpos, enfrente del Centro Expositor, localizado en Los Fuertes de Loreto y Guadalupe; tambi\u00e9n, en Cuautlancingo, dejaron una persona emplayada.<\/p>\n","protected":false},"excerpt":{"rendered":"<p>Al asegurar que har\u00e1 todo lo que est\u00e9 a su alcance para que los mexicanos disfruten de la entidad poblana, el gobernador Alejandro Armenta Mier, inform\u00f3 que la Fiscal\u00eda General del Estado (FGE) ya investiga el hallazgo de cuerpos enfrente del Centro Expositor, sede la pr\u00f3xima Feria de Puebla 2025. En entrevista, el ejecutivo local [&hellip;]<\/p>\n","protected":false},"author":9,"featured_media":452665,"comment_status":"open","ping_status":"open","sticky":false,"template":"","format":"standard","meta":{"footnotes":""},"categories":[72262,3,82762],"tags":[22092,1450,4504,2218,41,65,11045,82705,27,8254,18,490,23,20668],"yst_prominent_words":[29724,30180,37593,30933,35138,32830,29562],"class_list":["post-452652","post","type-post","status-publish","format-standard","has-post-thumbnail","hentry","category-gobierno","category-puebla","category-seguridad","tag-abandonan-cuerpos","tag-alejandro-armenta","tag-centro-expositor","tag-cuerpos","tag-es-noticia","tag-esnoticia","tag-feria-de-puebla","tag-fuertes-de-loreto","tag-hoyesnoticia","tag-hoyesnoticiaapp","tag-puebla","tag-seguridad","tag-slide","tag-slider"],"_links":{"self":[{"href":"https:\/\/sintesis.com.mx\/puebla\/wp-json\/wp\/v2\/posts\/452652"}],"collection":[{"href":"https:\/\/sintesis.com.mx\/puebla\/wp-json\/wp\/v2\/posts"}],"about":[{"href":"https:\/\/sintesis.com.mx\/puebla\/wp-json\/wp\/v2\/types\/post"}],"author":[{"embeddable":true,"href":"https:\/\/sintesis.com.mx\/puebla\/wp-json\/wp\/v2\/users\/9"}],"replies":[{"embeddable":true,"href":"https:\/\/sintesis.com.mx\/puebla\/wp-json\/wp\/v2\/comments?post=452652"}],"version-history":[{"count":3,"href":"https:\/\/sintesis.com.mx\/puebla\/wp-json\/wp\/v2\/posts\/452652\/revisions"}],"predecessor-version":[{"id":452669,"href":"https:\/\/sintesis.com.mx\/puebla\/wp-json\/wp\/v2\/posts\/452652\/revisions\/452669"}],"wp:featuredmedia":[{"embeddable":true,"href":"https:\/\/sintesis.com.mx\/puebla\/wp-json\/wp\/v2\/media\/452665"}],"wp:attachment":[{"href":"https:\/\/sintesis.com.mx\/puebla\/wp-json\/wp\/v2\/media?parent=452652"}],"wp:term":[{"taxonomy":"category","embeddable":true,"href":"https:\/\/sintesis.com.mx\/puebla\/wp-json\/wp\/v2\/categories?post=452652"},{"taxonomy":"post_tag","embeddable":true,"href":"https:\/\/sintesis.com.mx\/puebla\/wp-json\/wp\/v2\/tags?post=452652"},{"taxonomy":"yst_prominent_words","embeddable":true,"href":"https:\/\/sintesis.com.mx\/puebla\/wp-json\/wp\/v2\/yst_prominent_words?post=452652"}],"curies":[{"name":"wp","href":"https:\/\/api.w.org\/{rel}","templated":true}]}}