{"id":456913,"date":"2025-05-18T11:12:59","date_gmt":"2025-05-18T17:12:59","guid":{"rendered":"https:\/\/sintesis.com.mx\/puebla\/?p=456913"},"modified":"2025-05-18T11:12:59","modified_gmt":"2025-05-18T17:12:59","slug":"asesinan-a-dos-elementos","status":"publish","type":"post","link":"https:\/\/sintesis.com.mx\/puebla\/2025\/05\/18\/asesinan-a-dos-elementos\/","title":{"rendered":"Matan a polic\u00edas que custodiaban predio relacionado con huachicol en Amozoc"},"content":{"rendered":"<p>La madrugada del domingo 18 de mayo, dos polic\u00edas estatales fueron asesinados mientras cumpl\u00edan con su labor de vigilancia en un predio asegurado, vinculado a una toma clandestina en los l\u00edmites de Amozoc y la capital poblana.<\/p>\n<p>Los elementos, identificados como <strong>Jos\u00e9 Antonio Valerio Rodr\u00edguez<\/strong> y <strong>Julio C\u00e9sar Flores Guerra<\/strong>, se encontraban en servicio dentro de la patrulla 1144 de la Polic\u00eda Estatal Preventiva (PEP) cuando fueron agredidos por sujetos a\u00fan no identificados. El ataque ocurri\u00f3 sobre el Carril de San Crist\u00f3bal, seg\u00fan confirm\u00f3 la Secretar\u00eda de Seguridad P\u00fablica (SSP) a trav\u00e9s de un comunicado oficial.<\/p>\n<p>El inmueble donde se encontraban cumpl\u00eda funciones de resguardo tras una acci\u00f3n operativa relacionada con el robo de combustible, un delito que contin\u00faa representando un reto para las autoridades estatales.<\/p>\n<p>Tras el hecho, la SSP lament\u00f3 la p\u00e9rdida de los dos agentes y expres\u00f3 su solidaridad con las familias, amistades y compa\u00f1eros de los uniformados. Tambi\u00e9n asegur\u00f3 que, a nombre del gobierno encabezado por <strong>Alejandro Armenta<\/strong>, se brindar\u00e1 el acompa\u00f1amiento necesario en estos momentos dif\u00edciles.<\/p>\n<p>La dependencia subray\u00f3 que ya trabaja de forma conjunta con la Fiscal\u00eda General del Estado (FGE) para esclarecer el caso y detener a los responsables. \u201cEstos hechos no quedar\u00e1n impunes\u201d, se\u00f1ala el comunicado, donde tambi\u00e9n se reafirma el compromiso de reforzar las acciones de seguridad para proteger a la ciudadan\u00eda y al propio personal policial.<\/p>\n","protected":false},"excerpt":{"rendered":"<p>La madrugada del domingo 18 de mayo, dos polic\u00edas estatales fueron asesinados mientras cumpl\u00edan con su labor de vigilancia en un predio asegurado, vinculado a una toma clandestina en los l\u00edmites de Amozoc y la capital poblana. Los elementos, identificados como Jos\u00e9 Antonio Valerio Rodr\u00edguez y Julio C\u00e9sar Flores Guerra, se encontraban en servicio dentro [&hellip;]<\/p>\n","protected":false},"author":168,"featured_media":456914,"comment_status":"open","ping_status":"open","sticky":false,"template":"","format":"standard","meta":{"footnotes":""},"categories":[1285,82762],"tags":[334,91862,3544,91861,41,65,27,8254,17,1286,18,23,8253,20668,40526],"yst_prominent_words":[30901,41360,35080,29878,29580,46852],"class_list":["post-456913","post","type-post","status-publish","format-standard","has-post-thumbnail","hentry","category-justicia","category-seguridad","tag-amozoc","tag-baean-a-policias-estatales","tag-ejecutados","tag-elementos-de-la-ssp-asesinados","tag-es-noticia","tag-esnoticia","tag-hoyesnoticia","tag-hoyesnoticiaapp","tag-huachicol","tag-justicia","tag-puebla","tag-slide","tag-slideapp","tag-slider","tag-sliderapp"],"_links":{"self":[{"href":"https:\/\/sintesis.com.mx\/puebla\/wp-json\/wp\/v2\/posts\/456913"}],"collection":[{"href":"https:\/\/sintesis.com.mx\/puebla\/wp-json\/wp\/v2\/posts"}],"about":[{"href":"https:\/\/sintesis.com.mx\/puebla\/wp-json\/wp\/v2\/types\/post"}],"author":[{"embeddable":true,"href":"https:\/\/sintesis.com.mx\/puebla\/wp-json\/wp\/v2\/users\/168"}],"replies":[{"embeddable":true,"href":"https:\/\/sintesis.com.mx\/puebla\/wp-json\/wp\/v2\/comments?post=456913"}],"version-history":[{"count":3,"href":"https:\/\/sintesis.com.mx\/puebla\/wp-json\/wp\/v2\/posts\/456913\/revisions"}],"predecessor-version":[{"id":456918,"href":"https:\/\/sintesis.com.mx\/puebla\/wp-json\/wp\/v2\/posts\/456913\/revisions\/456918"}],"wp:featuredmedia":[{"embeddable":true,"href":"https:\/\/sintesis.com.mx\/puebla\/wp-json\/wp\/v2\/media\/456914"}],"wp:attachment":[{"href":"https:\/\/sintesis.com.mx\/puebla\/wp-json\/wp\/v2\/media?parent=456913"}],"wp:term":[{"taxonomy":"category","embeddable":true,"href":"https:\/\/sintesis.com.mx\/puebla\/wp-json\/wp\/v2\/categories?post=456913"},{"taxonomy":"post_tag","embeddable":true,"href":"https:\/\/sintesis.com.mx\/puebla\/wp-json\/wp\/v2\/tags?post=456913"},{"taxonomy":"yst_prominent_words","embeddable":true,"href":"https:\/\/sintesis.com.mx\/puebla\/wp-json\/wp\/v2\/yst_prominent_words?post=456913"}],"curies":[{"name":"wp","href":"https:\/\/api.w.org\/{rel}","templated":true}]}}