{"id":458894,"date":"2025-06-02T15:42:31","date_gmt":"2025-06-02T21:42:31","guid":{"rendered":"https:\/\/sintesis.com.mx\/puebla\/?p=458894"},"modified":"2025-06-02T15:43:10","modified_gmt":"2025-06-02T21:43:10","slug":"shakira-alejandro-sanz-video","status":"publish","type":"post","link":"https:\/\/sintesis.com.mx\/puebla\/2025\/06\/02\/shakira-alejandro-sanz-video\/","title":{"rendered":"Shakira y Alejandro Sanz lanzan video de \u201cB\u00e9same\u201d"},"content":{"rendered":"<p data-start=\"217\" data-end=\"548\"><em data-start=\"217\" data-end=\"226\">Shakira<\/em> y <em data-start=\"229\" data-end=\"245\">Alejandro Sanz<\/em> vuelven a causar revuelo en redes sociales con el estreno del videoclip de <strong data-start=\"321\" data-end=\"333\">\u201cB\u00e9same\u201d<\/strong>, su m\u00e1s reciente colaboraci\u00f3n musical. El lanzamiento sorprendi\u00f3 al mostrar un gesto lleno de complicidad: <strong data-start=\"441\" data-end=\"478\">Sanz besa en la mejilla a Shakira<\/strong>, generando una avalancha de reacciones entre los seguidores de ambos.<\/p>\n<p data-start=\"550\" data-end=\"839\">El video lleg\u00f3 pocos d\u00edas despu\u00e9s de su comentada presentaci\u00f3n conjunta del 19 de mayo, durante un concierto de la gira de Shakira en Estados Unidos. La cercan\u00eda, las miradas y los abrazos en el escenario reavivaron las especulaciones sobre una posible relaci\u00f3n m\u00e1s all\u00e1 de lo profesional.<\/p>\n<h3 data-start=\"846\" data-end=\"887\"><strong>Un d\u00fao que vuelve a encender pasiones<\/strong><\/h3>\n<p data-start=\"889\" data-end=\"1104\">\u201cB\u00e9same\u201d representa el regreso de uno de los d\u00faos latinos m\u00e1s queridos por el p\u00fablico. Aunque ya hab\u00edan colaborado antes, este nuevo video reaviv\u00f3 la chispa que muchos fans consideran innegable entre ambos artistas.<\/p>\n<p data-start=\"1106\" data-end=\"1298\">El gesto del beso en la mejilla fue interpretado como una respuesta a un momento viral de a\u00f1os atr\u00e1s, cuando fue Shakira quien le dio ese mismo beso a Sanz en un video compartido en Instagram.<\/p>\n<h3 data-start=\"1305\" data-end=\"1350\"><strong>Las redes estallan con teor\u00edas y mensajes<\/strong><\/h3>\n<p data-start=\"1352\" data-end=\"1631\">Los comentarios no se hicieron esperar. \u201c\u00a1Ya b\u00e9sense!\u201d, escribi\u00f3 un fan exaltado, mientras otros hablaban de <em data-start=\"1461\" data-end=\"1479\">mensajes ocultos<\/em> en la canci\u00f3n. Las publicaciones se multiplicaron con teor\u00edas sobre si hay algo m\u00e1s entre ellos y pedidos para que formalicen una relaci\u00f3n sentimental.<\/p>\n<p data-start=\"1633\" data-end=\"1778\">Frases como \u201cmueren por estar juntos\u201d o \u201cse ven tan bien que deber\u00edan intentarlo\u201d dominaron las respuestas al videoclip en X, Instagram y TikTok.<\/p>\n<h3 data-start=\"1785\" data-end=\"1834\"><strong>Un mensaje po\u00e9tico de Sanz que aviv\u00f3 el fuego<\/strong><\/h3>\n<p data-start=\"1836\" data-end=\"2037\">Como si la tensi\u00f3n no fuera suficiente, Alejandro Sanz public\u00f3 en su cuenta de Instagram un mensaje que elev\u00f3 a\u00fan m\u00e1s las expectativas:<br data-start=\"1971\" data-end=\"1974\" \/><strong data-start=\"1974\" data-end=\"2036\">\u201cShaki\u2026 ni con todo el caf\u00e9 de Colombia me quito tu aroma\u201d<\/strong>.<\/p>\n<p data-start=\"2039\" data-end=\"2187\">La frase po\u00e9tica fue vista como un gui\u00f1o directo a la cantante y sum\u00f3 m\u00e1s le\u00f1a al fuego de quienes siguen con atenci\u00f3n cada interacci\u00f3n entre ambos.<\/p>\n<h3 data-start=\"2194\" data-end=\"2222\"><strong>\u00bfSolo amigos o algo m\u00e1s?<\/strong><\/h3>\n<p data-start=\"2224\" data-end=\"2475\">La relaci\u00f3n entre Shakira y Sanz ha estado bajo la lupa del fandom desde hace a\u00f1os, pero con cada reencuentro parece renacer la ilusi\u00f3n colectiva. A pesar de las constantes muestras de cari\u00f1o, ninguno de los dos ha confirmado una relaci\u00f3n sentimental.<\/p>\n<p data-start=\"2477\" data-end=\"2622\">Mientras tanto, la canci\u00f3n se posiciona r\u00e1pidamente como un \u00e9xito en plataformas digitales, impulsada por la narrativa rom\u00e1ntica que la envuelve.<\/p>\n<p data-start=\"2646\" data-end=\"2903\">El estreno de \u201cB\u00e9same\u201d no solo marca el regreso musical de una dupla ic\u00f3nica, sino que aviva un \u00abship\u00bb que los fans no dejan morir. Aunque todo podr\u00eda quedarse en una amistad s\u00f3lida y art\u00edstica, la tensi\u00f3n en escena y fuera de ella mantiene viva la ilusi\u00f3n.<\/p>\n","protected":false},"excerpt":{"rendered":"<p>Shakira y Alejandro Sanz vuelven a causar revuelo en redes sociales con el estreno del videoclip de \u201cB\u00e9same\u201d, su m\u00e1s reciente colaboraci\u00f3n musical. El lanzamiento sorprendi\u00f3 al mostrar un gesto lleno de complicidad: Sanz besa en la mejilla a Shakira, generando una avalancha de reacciones entre los seguidores de ambos. El video lleg\u00f3 pocos d\u00edas [&hellip;]<\/p>\n","protected":false},"author":165,"featured_media":458897,"comment_status":"open","ping_status":"open","sticky":false,"template":"","format":"standard","meta":{"footnotes":""},"categories":[6,87527,87370],"tags":[31,65,73809,386,27,23,8253],"yst_prominent_words":[29991,34118,41777,34143,30081,60638,29649,34408,30941,41567,36555,34344],"class_list":["post-458894","post","type-post","status-publish","format-standard","has-post-thumbnail","hentry","category-entretenimiento","category-es-noticia","category-espectaculos","tag-entretenimiento","tag-esnoticia","tag-esnoticiaapp","tag-espectaculos","tag-hoyesnoticia","tag-slide","tag-slideapp"],"_links":{"self":[{"href":"https:\/\/sintesis.com.mx\/puebla\/wp-json\/wp\/v2\/posts\/458894"}],"collection":[{"href":"https:\/\/sintesis.com.mx\/puebla\/wp-json\/wp\/v2\/posts"}],"about":[{"href":"https:\/\/sintesis.com.mx\/puebla\/wp-json\/wp\/v2\/types\/post"}],"author":[{"embeddable":true,"href":"https:\/\/sintesis.com.mx\/puebla\/wp-json\/wp\/v2\/users\/165"}],"replies":[{"embeddable":true,"href":"https:\/\/sintesis.com.mx\/puebla\/wp-json\/wp\/v2\/comments?post=458894"}],"version-history":[{"count":1,"href":"https:\/\/sintesis.com.mx\/puebla\/wp-json\/wp\/v2\/posts\/458894\/revisions"}],"predecessor-version":[{"id":458900,"href":"https:\/\/sintesis.com.mx\/puebla\/wp-json\/wp\/v2\/posts\/458894\/revisions\/458900"}],"wp:featuredmedia":[{"embeddable":true,"href":"https:\/\/sintesis.com.mx\/puebla\/wp-json\/wp\/v2\/media\/458897"}],"wp:attachment":[{"href":"https:\/\/sintesis.com.mx\/puebla\/wp-json\/wp\/v2\/media?parent=458894"}],"wp:term":[{"taxonomy":"category","embeddable":true,"href":"https:\/\/sintesis.com.mx\/puebla\/wp-json\/wp\/v2\/categories?post=458894"},{"taxonomy":"post_tag","embeddable":true,"href":"https:\/\/sintesis.com.mx\/puebla\/wp-json\/wp\/v2\/tags?post=458894"},{"taxonomy":"yst_prominent_words","embeddable":true,"href":"https:\/\/sintesis.com.mx\/puebla\/wp-json\/wp\/v2\/yst_prominent_words?post=458894"}],"curies":[{"name":"wp","href":"https:\/\/api.w.org\/{rel}","templated":true}]}}