{"id":460124,"date":"2025-06-11T16:00:33","date_gmt":"2025-06-11T22:00:33","guid":{"rendered":"https:\/\/sintesis.com.mx\/puebla\/?p=460124"},"modified":"2025-06-11T16:00:33","modified_gmt":"2025-06-11T22:00:33","slug":"fallece-nestor-jesus-n","status":"publish","type":"post","link":"https:\/\/sintesis.com.mx\/puebla\/2025\/06\/11\/fallece-nestor-jesus-n\/","title":{"rendered":"Fallece N\u00e9stor Jes\u00fas N., l\u00edder de la 28 de Octubre, tras ataque armado en Puebla capital"},"content":{"rendered":"<p>N\u00e9stor Jes\u00fas N., coordinador de la organizaci\u00f3n comerciante \u201c28 de Octubre\u201d, <strong>falleci\u00f3 en un hospital tras haber sido herido<\/strong> durante un ataque armado ocurrido en la capital poblana. La <strong>Fiscal\u00eda General del Estado de Puebla<\/strong> confirm\u00f3 que <strong>el caso se investiga como homicidio doloso<\/strong>.<\/p>\n<p>El hecho tuvo lugar el martes 10 de junio en la <strong>colonia Valle Dorado<\/strong>, entre las calles 22-B Poniente y 33 Norte. Seg\u00fan los reportes, <strong>N\u00e9stor Jes\u00fas fue interceptado por sujetos armados mientras conduc\u00eda su camioneta particular<\/strong>, en la que recibi\u00f3 varios impactos de bala. Su veh\u00edculo termin\u00f3 sobre la acera mientras los agresores <strong>escapaban de la escena del crimen<\/strong>.<\/p>\n<p>Param\u00e9dicos de <strong>SUMA<\/strong> acudieron al lugar y trasladaron al herido a un hospital, donde <strong>horas m\u00e1s tarde fue declarada su muerte cl\u00ednica<\/strong>.<\/p>\n<p>Hasta el momento no se ha confirmado si el ataque estuvo relacionado con su actividad dentro de la organizaci\u00f3n social. La Fiscal\u00eda mantiene abiertas diversas l\u00edneas de investigaci\u00f3n para identificar a los responsables y dar con su paradero.<\/p>\n","protected":false},"excerpt":{"rendered":"<p>N\u00e9stor Jes\u00fas N., coordinador de la organizaci\u00f3n comerciante \u201c28 de Octubre\u201d, falleci\u00f3 en un hospital tras haber sido herido durante un ataque armado ocurrido en la capital poblana. La Fiscal\u00eda General del Estado de Puebla confirm\u00f3 que el caso se investiga como homicidio doloso. El hecho tuvo lugar el martes 10 de junio en la [&hellip;]<\/p>\n","protected":false},"author":26,"featured_media":460060,"comment_status":"open","ping_status":"open","sticky":false,"template":"","format":"standard","meta":{"footnotes":""},"categories":[82762],"tags":[41,65,20070,27,8254,92205,490,23],"yst_prominent_words":[61322,30933,30081,29990,35216,30447,30449,32308],"class_list":["post-460124","post","type-post","status-publish","format-standard","has-post-thumbnail","hentry","category-seguridad","tag-es-noticia","tag-esnoticia","tag-fallecimiento","tag-hoyesnoticia","tag-hoyesnoticiaapp","tag-nestor-jesus-n","tag-seguridad","tag-slide"],"_links":{"self":[{"href":"https:\/\/sintesis.com.mx\/puebla\/wp-json\/wp\/v2\/posts\/460124"}],"collection":[{"href":"https:\/\/sintesis.com.mx\/puebla\/wp-json\/wp\/v2\/posts"}],"about":[{"href":"https:\/\/sintesis.com.mx\/puebla\/wp-json\/wp\/v2\/types\/post"}],"author":[{"embeddable":true,"href":"https:\/\/sintesis.com.mx\/puebla\/wp-json\/wp\/v2\/users\/26"}],"replies":[{"embeddable":true,"href":"https:\/\/sintesis.com.mx\/puebla\/wp-json\/wp\/v2\/comments?post=460124"}],"version-history":[{"count":1,"href":"https:\/\/sintesis.com.mx\/puebla\/wp-json\/wp\/v2\/posts\/460124\/revisions"}],"predecessor-version":[{"id":460125,"href":"https:\/\/sintesis.com.mx\/puebla\/wp-json\/wp\/v2\/posts\/460124\/revisions\/460125"}],"wp:featuredmedia":[{"embeddable":true,"href":"https:\/\/sintesis.com.mx\/puebla\/wp-json\/wp\/v2\/media\/460060"}],"wp:attachment":[{"href":"https:\/\/sintesis.com.mx\/puebla\/wp-json\/wp\/v2\/media?parent=460124"}],"wp:term":[{"taxonomy":"category","embeddable":true,"href":"https:\/\/sintesis.com.mx\/puebla\/wp-json\/wp\/v2\/categories?post=460124"},{"taxonomy":"post_tag","embeddable":true,"href":"https:\/\/sintesis.com.mx\/puebla\/wp-json\/wp\/v2\/tags?post=460124"},{"taxonomy":"yst_prominent_words","embeddable":true,"href":"https:\/\/sintesis.com.mx\/puebla\/wp-json\/wp\/v2\/yst_prominent_words?post=460124"}],"curies":[{"name":"wp","href":"https:\/\/api.w.org\/{rel}","templated":true}]}}