{"id":461011,"date":"2025-06-18T16:23:00","date_gmt":"2025-06-18T22:23:00","guid":{"rendered":"https:\/\/sintesis.com.mx\/puebla\/?p=461011"},"modified":"2025-06-18T16:35:58","modified_gmt":"2025-06-18T22:35:58","slug":"pan-apoyara-amparos","status":"publish","type":"post","link":"https:\/\/sintesis.com.mx\/puebla\/2025\/06\/18\/pan-apoyara-amparos\/","title":{"rendered":"PAN apoyar\u00e1 amparos contra reforma que penaliza el ciberasedio en Puebla"},"content":{"rendered":"<p>El coordinador de la bancada del PAN en el Congreso del Estado, Marcos Castro Mart\u00ednez, inform\u00f3 que promover\u00e1n amparos contra la reforma al C\u00f3digo Penal de Puebla que tipifica como delito el ciberasedio, al considerar que vulnera derechos fundamentales.<\/p>\n<p>En entrevista, descar\u00f3 la acci\u00f3n de inconstitucionalidad debido a que no alcanzan el porcentaje necesario de firmas legislativas; para ese recurso se necesita al menos el 33 por ciento del Congreso, son cinco y se requieren 14 votos.<\/p>\n<p>Tampoco pudieron recurrir al veto del decreto, ya que fue publicado de manera inmediata en el Peri\u00f3dico Oficial del Estado, lo que cerr\u00f3 esa posibilidad legal.<\/p>\n<p>\u201cLa \u00fanica v\u00eda que queda, si alg\u00fan ciudadano desea inconformarse, es a trav\u00e9s del amparo, y nosotros vamos a apoyar en esa ruta, que es la m\u00e1s viable y clara\u201d, afirm\u00f3 el legislador.<\/p>\n<p>Castro Mart\u00ednez invit\u00f3 a los ciudadanos interesados a acudir al Poder Legislativo para recibir orientaci\u00f3n jur\u00eddica de parte de la bancada del PAN.<\/p>\n<p>Asimismo, record\u00f3 que la propuesta original era realizar primero foros de consulta y discusi\u00f3n p\u00fablica antes de presentar cualquier iniciativa. Por ello, anunci\u00f3 que su fracci\u00f3n tambi\u00e9n promover\u00e1 la derogaci\u00f3n del art\u00edculo 480 del C\u00f3digo Penal, que establece sanciones por ciberasedio.<\/p>\n<p>Finalmente, subray\u00f3 que si bien es importante proteger a ni\u00f1as, ni\u00f1os y adolescentes de agresiones digitales, esta protecci\u00f3n debe hacerse a trav\u00e9s de mecanismos legales adecuados que no atenten contra la libertad de expresi\u00f3n.<\/p>\n","protected":false},"excerpt":{"rendered":"<p>El coordinador de la bancada del PAN en el Congreso del Estado, Marcos Castro Mart\u00ednez, inform\u00f3 que promover\u00e1n amparos contra la reforma al C\u00f3digo Penal de Puebla que tipifica como delito el ciberasedio, al considerar que vulnera derechos fundamentales. En entrevista, descar\u00f3 la acci\u00f3n de inconstitucionalidad debido a que no alcanzan el porcentaje necesario de [&hellip;]<\/p>\n","protected":false},"author":9,"featured_media":436377,"comment_status":"open","ping_status":"open","sticky":false,"template":"","format":"standard","meta":{"footnotes":""},"categories":[3],"tags":[1347,92222,41,65,27,8254,88143,358],"yst_prominent_words":[31957,52015,31443,35846,29787,29852,29903,32893,30142],"class_list":["post-461011","post","type-post","status-publish","format-standard","has-post-thumbnail","hentry","category-puebla","tag-amparos","tag-ciberasedio","tag-es-noticia","tag-esnoticia","tag-hoyesnoticia","tag-hoyesnoticiaapp","tag-marcos-castro-martinez","tag-pan"],"_links":{"self":[{"href":"https:\/\/sintesis.com.mx\/puebla\/wp-json\/wp\/v2\/posts\/461011"}],"collection":[{"href":"https:\/\/sintesis.com.mx\/puebla\/wp-json\/wp\/v2\/posts"}],"about":[{"href":"https:\/\/sintesis.com.mx\/puebla\/wp-json\/wp\/v2\/types\/post"}],"author":[{"embeddable":true,"href":"https:\/\/sintesis.com.mx\/puebla\/wp-json\/wp\/v2\/users\/9"}],"replies":[{"embeddable":true,"href":"https:\/\/sintesis.com.mx\/puebla\/wp-json\/wp\/v2\/comments?post=461011"}],"version-history":[{"count":1,"href":"https:\/\/sintesis.com.mx\/puebla\/wp-json\/wp\/v2\/posts\/461011\/revisions"}],"predecessor-version":[{"id":461012,"href":"https:\/\/sintesis.com.mx\/puebla\/wp-json\/wp\/v2\/posts\/461011\/revisions\/461012"}],"wp:featuredmedia":[{"embeddable":true,"href":"https:\/\/sintesis.com.mx\/puebla\/wp-json\/wp\/v2\/media\/436377"}],"wp:attachment":[{"href":"https:\/\/sintesis.com.mx\/puebla\/wp-json\/wp\/v2\/media?parent=461011"}],"wp:term":[{"taxonomy":"category","embeddable":true,"href":"https:\/\/sintesis.com.mx\/puebla\/wp-json\/wp\/v2\/categories?post=461011"},{"taxonomy":"post_tag","embeddable":true,"href":"https:\/\/sintesis.com.mx\/puebla\/wp-json\/wp\/v2\/tags?post=461011"},{"taxonomy":"yst_prominent_words","embeddable":true,"href":"https:\/\/sintesis.com.mx\/puebla\/wp-json\/wp\/v2\/yst_prominent_words?post=461011"}],"curies":[{"name":"wp","href":"https:\/\/api.w.org\/{rel}","templated":true}]}}