{"id":462821,"date":"2025-07-06T12:28:59","date_gmt":"2025-07-06T18:28:59","guid":{"rendered":"https:\/\/sintesis.com.mx\/puebla\/?p=462821"},"modified":"2025-07-06T12:28:59","modified_gmt":"2025-07-06T18:28:59","slug":"impulsa-ijmp-la-expresion-juvenil-primer-concurso-oratoria","status":"publish","type":"post","link":"https:\/\/sintesis.com.mx\/puebla\/2025\/07\/06\/impulsa-ijmp-la-expresion-juvenil-primer-concurso-oratoria\/","title":{"rendered":"Impulsa IJMP la expresi\u00f3n juvenil con su Primer Concurso de Oratoria"},"content":{"rendered":"<p>Con el objetivo de fortalecer la expresi\u00f3n p\u00fablica y el pensamiento cr\u00edtico de las juventudes, el Instituto de la Juventud del Municipio de Puebla (IJMP) convoc\u00f3 a j\u00f3venes de 15 a 29 a\u00f1os a participar en el Primer Concurso de Oratoria, que se llevar\u00e1 a cabo el viernes 18 de julio en el Auditorio de la Biblioteca P\u00fablica Central Estatal \u201cMiguel de la Madrid Hurtado\u201d.<\/p>\n<p>El certamen busca abrir un espacio para que los participantes expresen sus ideas sobre temas de relevancia social, como bienestar personal, educaci\u00f3n, legalizaci\u00f3n de drogas, cambio clim\u00e1tico, violencia, entre otros. La convocatoria contempla un cupo limitado a 60 participantes y la inscripci\u00f3n permanecer\u00e1 abierta hasta el 15 de julio o hasta agotar lugares.<\/p>\n<p>Se premiar\u00e1 a los tres primeros lugares con $3,000, $2,000 y $1,000 pesos respectivamente. Adem\u00e1s, se entregar\u00e1 constancia a todas y todos los concursantes. Los interesados deber\u00e1n enviar su registro y documentaci\u00f3n al correo normatividadijmp@gmail.com, incluyendo identificaci\u00f3n oficial, fotograf\u00eda, tema del discurso, edad y n\u00famero telef\u00f3nico.<\/p>\n<p>Al respecto, la titular del IJMP, Carolina Cabrera Victoria, expreso que el concurso se desarrollar\u00e1 en dos etapas, una ronda con discurso preparado y una final con tema asignado de manera improvisada. El jurado calificar\u00e1 aspectos como contenido, expresi\u00f3n oral, lenguaje corporal y conexi\u00f3n con el p\u00fablico.<\/p>\n<p>Para mayores informes, las personas interesadas pueden consultar la convocatoria oficial publicada en las redes sociales del Instituto de la Juventud del Municipio de Puebla.<\/p>\n","protected":false},"excerpt":{"rendered":"<p>Con el objetivo de fortalecer la expresi\u00f3n p\u00fablica y el pensamiento cr\u00edtico de las juventudes, el Instituto de la Juventud del Municipio de Puebla (IJMP) convoc\u00f3 a j\u00f3venes de 15 a 29 a\u00f1os a participar en el Primer Concurso de Oratoria, que se llevar\u00e1 a cabo el viernes 18 de julio en el Auditorio de [&hellip;]<\/p>\n","protected":false},"author":26,"featured_media":462824,"comment_status":"open","ping_status":"open","sticky":false,"template":"","format":"standard","meta":{"footnotes":""},"categories":[3],"tags":[41,65,27,8254,18],"yst_prominent_words":[30319,34614,33021,48266,36624,32278,32609,33978,35097,29781,30208,31762,30480,29581,29562,30505],"class_list":["post-462821","post","type-post","status-publish","format-standard","has-post-thumbnail","hentry","category-puebla","tag-es-noticia","tag-esnoticia","tag-hoyesnoticia","tag-hoyesnoticiaapp","tag-puebla"],"_links":{"self":[{"href":"https:\/\/sintesis.com.mx\/puebla\/wp-json\/wp\/v2\/posts\/462821"}],"collection":[{"href":"https:\/\/sintesis.com.mx\/puebla\/wp-json\/wp\/v2\/posts"}],"about":[{"href":"https:\/\/sintesis.com.mx\/puebla\/wp-json\/wp\/v2\/types\/post"}],"author":[{"embeddable":true,"href":"https:\/\/sintesis.com.mx\/puebla\/wp-json\/wp\/v2\/users\/26"}],"replies":[{"embeddable":true,"href":"https:\/\/sintesis.com.mx\/puebla\/wp-json\/wp\/v2\/comments?post=462821"}],"version-history":[{"count":1,"href":"https:\/\/sintesis.com.mx\/puebla\/wp-json\/wp\/v2\/posts\/462821\/revisions"}],"predecessor-version":[{"id":462826,"href":"https:\/\/sintesis.com.mx\/puebla\/wp-json\/wp\/v2\/posts\/462821\/revisions\/462826"}],"wp:featuredmedia":[{"embeddable":true,"href":"https:\/\/sintesis.com.mx\/puebla\/wp-json\/wp\/v2\/media\/462824"}],"wp:attachment":[{"href":"https:\/\/sintesis.com.mx\/puebla\/wp-json\/wp\/v2\/media?parent=462821"}],"wp:term":[{"taxonomy":"category","embeddable":true,"href":"https:\/\/sintesis.com.mx\/puebla\/wp-json\/wp\/v2\/categories?post=462821"},{"taxonomy":"post_tag","embeddable":true,"href":"https:\/\/sintesis.com.mx\/puebla\/wp-json\/wp\/v2\/tags?post=462821"},{"taxonomy":"yst_prominent_words","embeddable":true,"href":"https:\/\/sintesis.com.mx\/puebla\/wp-json\/wp\/v2\/yst_prominent_words?post=462821"}],"curies":[{"name":"wp","href":"https:\/\/api.w.org\/{rel}","templated":true}]}}