{"id":463086,"date":"2025-07-08T12:20:00","date_gmt":"2025-07-08T18:20:00","guid":{"rendered":"https:\/\/sintesis.com.mx\/puebla\/?p=463086"},"modified":"2025-07-08T12:20:00","modified_gmt":"2025-07-08T18:20:00","slug":"persecucion-patrulla-amozoc","status":"publish","type":"post","link":"https:\/\/sintesis.com.mx\/puebla\/2025\/07\/08\/persecucion-patrulla-amozoc\/","title":{"rendered":"GN asegura veh\u00edculo con equipo t\u00e1ctico en Puebla-C\u00f3rdoba"},"content":{"rendered":"<p data-start=\"312\" data-end=\"659\">Elementos de la <strong data-start=\"328\" data-end=\"397\">Guardia Nacional aseguraron un veh\u00edculo con luces estrobosc\u00f3picas<\/strong> que circulaba sobre la autopista <strong data-start=\"431\" data-end=\"449\">Puebla-C\u00f3rdoba<\/strong>, a la altura del kil\u00f3metro <strong data-start=\"477\" data-end=\"488\">138+800<\/strong>, en el municipio de <strong data-start=\"509\" data-end=\"527\">Amozoc, Puebla<\/strong>. El autom\u00f3vil, un sed\u00e1n blanco, contaba con <strong data-start=\"572\" data-end=\"591\">reporte de robo<\/strong> y se presume que era utilizado para cometer <strong data-start=\"636\" data-end=\"658\">asaltos en la zona<\/strong>.<\/p>\n<p data-start=\"661\" data-end=\"889\">Durante labores de <strong data-start=\"680\" data-end=\"717\">patrullaje e inspecci\u00f3n rutinaria<\/strong>, los elementos de seguridad detectaron que la unidad portaba <strong data-start=\"779\" data-end=\"827\">luces similares a las de veh\u00edculos oficiales<\/strong>, por lo que procedieron a marcarle el alto para una revisi\u00f3n.<\/p>\n<p data-start=\"891\" data-end=\"1148\">Al inspeccionar el interior del autom\u00f3vil, se localizaron <strong data-start=\"949\" data-end=\"1037\">chalecos t\u00e1cticos, placas con logotipos falsos de una corporaci\u00f3n policial municipal<\/strong> y luces estrobosc\u00f3picas que simulan el equipo usado por cuerpos de seguridad como la Polic\u00eda de Investigaci\u00f3n.<\/p>\n<p data-start=\"1150\" data-end=\"1397\">El veh\u00edculo y todo lo asegurado fueron <strong data-start=\"1189\" data-end=\"1250\">puestos a disposici\u00f3n de las autoridades correspondientes<\/strong>, quienes dar\u00e1n seguimiento a las <strong data-start=\"1284\" data-end=\"1303\">investigaciones<\/strong> para determinar si esta unidad estuvo vinculada a <strong data-start=\"1354\" data-end=\"1396\">hechos delictivos en tramos carreteros<\/strong>.<\/p>\n<p data-start=\"1399\" data-end=\"1587\">Este operativo forma parte de las estrategias para <strong data-start=\"1450\" data-end=\"1501\">prevenir delitos y garantizar la seguridad vial<\/strong> en las carreteras del estado, donde han aumentado los reportes de robo con violencia.<\/p>\n","protected":false},"excerpt":{"rendered":"<p>Elementos de la Guardia Nacional aseguraron un veh\u00edculo con luces estrobosc\u00f3picas que circulaba sobre la autopista Puebla-C\u00f3rdoba, a la altura del kil\u00f3metro 138+800, en el municipio de Amozoc, Puebla. El autom\u00f3vil, un sed\u00e1n blanco, contaba con reporte de robo y se presume que era utilizado para cometer asaltos en la zona. Durante labores de patrullaje [&hellip;]<\/p>\n","protected":false},"author":168,"featured_media":463087,"comment_status":"open","ping_status":"open","sticky":false,"template":"","format":"standard","meta":{"footnotes":""},"categories":[82762],"tags":[41,65,92561,1507,27,8254,92560,92558,92559],"yst_prominent_words":[57954,30177,39085,30518,29580,29784,31451],"class_list":["post-463086","post","type-post","status-publish","format-standard","has-post-thumbnail","hentry","category-seguridad","tag-es-noticia","tag-esnoticia","tag-falsa-patrulla","tag-guardia-nacional","tag-hoyesnoticia","tag-hoyesnoticiaapp","tag-patrulla-clonada","tag-patrulla-patito","tag-patrulla-pirata"],"_links":{"self":[{"href":"https:\/\/sintesis.com.mx\/puebla\/wp-json\/wp\/v2\/posts\/463086"}],"collection":[{"href":"https:\/\/sintesis.com.mx\/puebla\/wp-json\/wp\/v2\/posts"}],"about":[{"href":"https:\/\/sintesis.com.mx\/puebla\/wp-json\/wp\/v2\/types\/post"}],"author":[{"embeddable":true,"href":"https:\/\/sintesis.com.mx\/puebla\/wp-json\/wp\/v2\/users\/168"}],"replies":[{"embeddable":true,"href":"https:\/\/sintesis.com.mx\/puebla\/wp-json\/wp\/v2\/comments?post=463086"}],"version-history":[{"count":3,"href":"https:\/\/sintesis.com.mx\/puebla\/wp-json\/wp\/v2\/posts\/463086\/revisions"}],"predecessor-version":[{"id":463104,"href":"https:\/\/sintesis.com.mx\/puebla\/wp-json\/wp\/v2\/posts\/463086\/revisions\/463104"}],"wp:featuredmedia":[{"embeddable":true,"href":"https:\/\/sintesis.com.mx\/puebla\/wp-json\/wp\/v2\/media\/463087"}],"wp:attachment":[{"href":"https:\/\/sintesis.com.mx\/puebla\/wp-json\/wp\/v2\/media?parent=463086"}],"wp:term":[{"taxonomy":"category","embeddable":true,"href":"https:\/\/sintesis.com.mx\/puebla\/wp-json\/wp\/v2\/categories?post=463086"},{"taxonomy":"post_tag","embeddable":true,"href":"https:\/\/sintesis.com.mx\/puebla\/wp-json\/wp\/v2\/tags?post=463086"},{"taxonomy":"yst_prominent_words","embeddable":true,"href":"https:\/\/sintesis.com.mx\/puebla\/wp-json\/wp\/v2\/yst_prominent_words?post=463086"}],"curies":[{"name":"wp","href":"https:\/\/api.w.org\/{rel}","templated":true}]}}