{"id":464274,"date":"2025-07-16T12:49:59","date_gmt":"2025-07-16T18:49:59","guid":{"rendered":"https:\/\/sintesis.com.mx\/puebla\/?p=464274"},"modified":"2025-07-16T12:49:59","modified_gmt":"2025-07-16T18:49:59","slug":"gobierno-profeco-negocios","status":"publish","type":"post","link":"https:\/\/sintesis.com.mx\/puebla\/2025\/07\/16\/gobierno-profeco-negocios\/","title":{"rendered":"Gobierno de Puebla pedir\u00e1 a Profeco emitir exhortos antes de cerrar negocios"},"content":{"rendered":"<p data-start=\"311\" data-end=\"659\">Luego del cierre temporal de cuatro establecimientos comerciales en el Centro Hist\u00f3rico de Puebla por parte de la Profeco, el Gobierno del Estado anunci\u00f3 que solicitar\u00e1 a la dependencia federal emitir primero <strong data-start=\"532\" data-end=\"556\">exhortos preventivos<\/strong> antes de proceder con clausuras. As\u00ed lo inform\u00f3 el secretario de Gobernaci\u00f3n, <strong data-start=\"635\" data-end=\"658\">Samuel Aguilar Pala<\/strong>.<\/p>\n<p data-start=\"661\" data-end=\"1089\">En entrevista, el funcionario se\u00f1al\u00f3 que este <strong data-start=\"707\" data-end=\"775\">jueves sostendr\u00e1 comunicaci\u00f3n directa con autoridades de Profeco<\/strong> para discutir los recientes operativos realizados en los portales del z\u00f3calo, donde fueron clausurados <strong data-start=\"879\" data-end=\"938\">Vittorio\u2019s, Caf\u00e9 Tres Gallos, La Leyenda y Z\u00f3calo\u2019s Bar<\/strong>, tras detectarse irregularidades como <strong data-start=\"977\" data-end=\"1009\">cobro obligatorio de propina<\/strong>, <strong data-start=\"1011\" data-end=\"1045\">falta de exhibici\u00f3n de precios<\/strong> y <strong data-start=\"1048\" data-end=\"1088\">comprobantes con informaci\u00f3n confusa<\/strong>.<\/p>\n<p data-start=\"1091\" data-end=\"1284\">\u201cVamos a pedir que antes de aplicar una clausura, se haga un primer exhorto. Entendemos las facultades de Profeco, pero es necesario tener sensibilidad con la situaci\u00f3n local\u201d, explic\u00f3 Aguilar.<\/p>\n<p data-start=\"1286\" data-end=\"1519\">El titular de Gobernaci\u00f3n recalc\u00f3 que el estado es <strong data-start=\"1337\" data-end=\"1367\">respetuoso de la legalidad<\/strong>, pero tambi\u00e9n busca <strong data-start=\"1388\" data-end=\"1432\">proteger la econom\u00eda de los comerciantes<\/strong>, por lo que plantear\u00e1 un <strong data-start=\"1458\" data-end=\"1493\">esquema preventivo y coordinado<\/strong> con la instancia federal.<\/p>\n<p data-start=\"1521\" data-end=\"1722\">Agreg\u00f3 que en la reuni\u00f3n tambi\u00e9n se abordar\u00e1n <strong data-start=\"1567\" data-end=\"1589\">acciones conjuntas<\/strong> para mejorar los protocolos de atenci\u00f3n a denuncias sin afectar de forma abrupta al sector econ\u00f3mico del primer cuadro de la ciudad.<\/p>\n","protected":false},"excerpt":{"rendered":"<p>Luego del cierre temporal de cuatro establecimientos comerciales en el Centro Hist\u00f3rico de Puebla por parte de la Profeco, el Gobierno del Estado anunci\u00f3 que solicitar\u00e1 a la dependencia federal emitir primero exhortos preventivos antes de proceder con clausuras. As\u00ed lo inform\u00f3 el secretario de Gobernaci\u00f3n, Samuel Aguilar Pala. En entrevista, el funcionario se\u00f1al\u00f3 que [&hellip;]<\/p>\n","protected":false},"author":9,"featured_media":464316,"comment_status":"open","ping_status":"open","sticky":false,"template":"","format":"standard","meta":{"footnotes":""},"categories":[3],"tags":[574,1725,18,88315,7345,23,8253,20668,40526,92680],"yst_prominent_words":[35108,30958,29669,30841,36998],"class_list":["post-464274","post","type-post","status-publish","format-standard","has-post-thumbnail","hentry","category-puebla","tag-centro-historico","tag-profeco","tag-puebla","tag-samuel-aguilar-pala","tag-secretaria-de-gobernacion","tag-slide","tag-slideapp","tag-slider","tag-sliderapp","tag-vitorios"],"_links":{"self":[{"href":"https:\/\/sintesis.com.mx\/puebla\/wp-json\/wp\/v2\/posts\/464274"}],"collection":[{"href":"https:\/\/sintesis.com.mx\/puebla\/wp-json\/wp\/v2\/posts"}],"about":[{"href":"https:\/\/sintesis.com.mx\/puebla\/wp-json\/wp\/v2\/types\/post"}],"author":[{"embeddable":true,"href":"https:\/\/sintesis.com.mx\/puebla\/wp-json\/wp\/v2\/users\/9"}],"replies":[{"embeddable":true,"href":"https:\/\/sintesis.com.mx\/puebla\/wp-json\/wp\/v2\/comments?post=464274"}],"version-history":[{"count":3,"href":"https:\/\/sintesis.com.mx\/puebla\/wp-json\/wp\/v2\/posts\/464274\/revisions"}],"predecessor-version":[{"id":464318,"href":"https:\/\/sintesis.com.mx\/puebla\/wp-json\/wp\/v2\/posts\/464274\/revisions\/464318"}],"wp:featuredmedia":[{"embeddable":true,"href":"https:\/\/sintesis.com.mx\/puebla\/wp-json\/wp\/v2\/media\/464316"}],"wp:attachment":[{"href":"https:\/\/sintesis.com.mx\/puebla\/wp-json\/wp\/v2\/media?parent=464274"}],"wp:term":[{"taxonomy":"category","embeddable":true,"href":"https:\/\/sintesis.com.mx\/puebla\/wp-json\/wp\/v2\/categories?post=464274"},{"taxonomy":"post_tag","embeddable":true,"href":"https:\/\/sintesis.com.mx\/puebla\/wp-json\/wp\/v2\/tags?post=464274"},{"taxonomy":"yst_prominent_words","embeddable":true,"href":"https:\/\/sintesis.com.mx\/puebla\/wp-json\/wp\/v2\/yst_prominent_words?post=464274"}],"curies":[{"name":"wp","href":"https:\/\/api.w.org\/{rel}","templated":true}]}}