{"id":465160,"date":"2025-07-22T17:34:17","date_gmt":"2025-07-22T23:34:17","guid":{"rendered":"https:\/\/sintesis.com.mx\/puebla\/?p=465160"},"modified":"2025-07-22T17:34:17","modified_gmt":"2025-07-22T23:34:17","slug":"descarta-mundo-tlatehui-participar-liderazgo-sach","status":"publish","type":"post","link":"https:\/\/sintesis.com.mx\/puebla\/2025\/07\/22\/descarta-mundo-tlatehui-participar-liderazgo-sach\/","title":{"rendered":"Descarta Mundo Tlatehui participar por liderazgo en SACH"},"content":{"rendered":"<p><strong>El exalcalde de San Andr\u00e9s Cholula, Edmundo Tlatehui Percino<\/strong> descart\u00f3 participar por el liderazgo del Comit\u00e9 Municipal del PAN en esta demarcaci\u00f3n, aunque refiri\u00f3 que su grupo pol\u00edtico estar\u00e1 brindando el respaldo a quien sea el mejor perfil.<\/p>\n<p>En agosto se espera que el Comit\u00e9 Estatal del Partido Acci\u00f3n Nacional presente las convocatorias para elegir a los dirigentes municipales, este ser\u00e1 el primer paso para la integraci\u00f3n del consejo estatal y nacional, por lo que es un proceso importante para la vida pol\u00edtica de este partido.<\/p>\n<p>En ese sentido, Tlatehui Percino confirm\u00f3 que no tiene inter\u00e9s en estar en esta contienda ya que hay perfiles que pueden tomar la responsabilidad para mantener a este municipio como pilar del panismo.<\/p>\n<p style=\"text-align: center;\"><strong>\u201cNo es de mi inter\u00e9s en este momento y es importante sumar a otros militantes para que sean los que tomen las decisiones, hay buenos perfiles que pueden llevar a cabo esta responsabilidad\u201d.<\/strong><\/p>\n<p>Indic\u00f3 que el perfil del dirigente debe tener disposici\u00f3n y ganas de trabajar, que busque trabajo cercano a la gente e involucre a la sociedad, siendo algo que se debe impulsar en el municipio y en el estado\u201d.<\/p>\n<p>En otro orden de ideas, coment\u00f3 que la militancia evaluar\u00e1 el desempe\u00f1o del l\u00edder estatal del PAN Mario Riestra, quien no ha levantado la voz en torno al gobierno estatal de Morena, pero dijo que hoy este comit\u00e9 fortalece la estructura del partido.<\/p>\n","protected":false},"excerpt":{"rendered":"<p>El exalcalde de San Andr\u00e9s Cholula, Edmundo Tlatehui Percino descart\u00f3 participar por el liderazgo del Comit\u00e9 Municipal del PAN en esta demarcaci\u00f3n, aunque refiri\u00f3 que su grupo pol\u00edtico estar\u00e1 brindando el respaldo a quien sea el mejor perfil. En agosto se espera que el Comit\u00e9 Estatal del Partido Acci\u00f3n Nacional presente las convocatorias para elegir [&hellip;]<\/p>\n","protected":false},"author":6,"featured_media":465162,"comment_status":"open","ping_status":"open","sticky":false,"template":"","format":"standard","meta":{"footnotes":""},"categories":[12,87527,9],"tags":[9798,358,18,59],"yst_prominent_words":[29848,30091,29623,34626,29781,30023,29903,30086,65333,52859,45572,31783,65332,65329],"class_list":["post-465160","post","type-post","status-publish","format-standard","has-post-thumbnail","hentry","category-cholula","category-es-noticia","category-municipios","tag-edmundo-tlatehui-percino","tag-pan","tag-puebla","tag-san-andres-cholula"],"_links":{"self":[{"href":"https:\/\/sintesis.com.mx\/puebla\/wp-json\/wp\/v2\/posts\/465160"}],"collection":[{"href":"https:\/\/sintesis.com.mx\/puebla\/wp-json\/wp\/v2\/posts"}],"about":[{"href":"https:\/\/sintesis.com.mx\/puebla\/wp-json\/wp\/v2\/types\/post"}],"author":[{"embeddable":true,"href":"https:\/\/sintesis.com.mx\/puebla\/wp-json\/wp\/v2\/users\/6"}],"replies":[{"embeddable":true,"href":"https:\/\/sintesis.com.mx\/puebla\/wp-json\/wp\/v2\/comments?post=465160"}],"version-history":[{"count":3,"href":"https:\/\/sintesis.com.mx\/puebla\/wp-json\/wp\/v2\/posts\/465160\/revisions"}],"predecessor-version":[{"id":465169,"href":"https:\/\/sintesis.com.mx\/puebla\/wp-json\/wp\/v2\/posts\/465160\/revisions\/465169"}],"wp:featuredmedia":[{"embeddable":true,"href":"https:\/\/sintesis.com.mx\/puebla\/wp-json\/wp\/v2\/media\/465162"}],"wp:attachment":[{"href":"https:\/\/sintesis.com.mx\/puebla\/wp-json\/wp\/v2\/media?parent=465160"}],"wp:term":[{"taxonomy":"category","embeddable":true,"href":"https:\/\/sintesis.com.mx\/puebla\/wp-json\/wp\/v2\/categories?post=465160"},{"taxonomy":"post_tag","embeddable":true,"href":"https:\/\/sintesis.com.mx\/puebla\/wp-json\/wp\/v2\/tags?post=465160"},{"taxonomy":"yst_prominent_words","embeddable":true,"href":"https:\/\/sintesis.com.mx\/puebla\/wp-json\/wp\/v2\/yst_prominent_words?post=465160"}],"curies":[{"name":"wp","href":"https:\/\/api.w.org\/{rel}","templated":true}]}}