{"id":465949,"date":"2025-07-28T16:34:30","date_gmt":"2025-07-28T22:34:30","guid":{"rendered":"https:\/\/sintesis.com.mx\/puebla\/?p=465949"},"modified":"2025-07-28T16:35:20","modified_gmt":"2025-07-28T22:35:20","slug":"destituyen-directores-de","status":"publish","type":"post","link":"https:\/\/sintesis.com.mx\/puebla\/2025\/07\/28\/destituyen-directores-de\/","title":{"rendered":"Destituyen a directores de los penales de San Miguel y Tepexi por denuncias internas"},"content":{"rendered":"<p data-start=\"316\" data-end=\"664\">El titular de la Secretar\u00eda de Seguridad P\u00fablica estatal, <strong data-start=\"386\" data-end=\"416\">Francisco S\u00e1nchez Gonz\u00e1lez<\/strong>, inform\u00f3 que fueron <strong data-start=\"437\" data-end=\"540\">destituidos los directores de los Centros de Reinserci\u00f3n Social de San Miguel y Tepexi de Rodr\u00edguez<\/strong>, junto con parte de su equipo cercano, a ra\u00edz de <strong data-start=\"590\" data-end=\"622\">denuncias sobre su desempe\u00f1o<\/strong> y posibles irregularidades en su gesti\u00f3n.<\/p>\n<p data-start=\"666\" data-end=\"1042\">En conferencia de prensa, el funcionario explic\u00f3 que la <strong data-start=\"722\" data-end=\"767\">remoci\u00f3n se efectu\u00f3 el pasado 16 de junio<\/strong>, tras una <strong data-start=\"778\" data-end=\"840\">revisi\u00f3n al funcionamiento de ambos centros penitenciarios<\/strong>. Aunque recientemente se registr\u00f3 el fallecimiento de un interno \u2014cuyo peritaje apunta a un suicidio, S\u00e1nchez Gonz\u00e1lez aclar\u00f3 que la evaluaci\u00f3n del personal ya estaba en curso antes de este incidente.<\/p>\n<p data-start=\"1044\" data-end=\"1343\">\u201cSe hizo una revisi\u00f3n en los penales a partir de denuncias que ya exist\u00edan. Tomamos decisiones y se hicieron los movimientos necesarios\u201d, se\u00f1al\u00f3 el secretario, quien asegur\u00f3 que la <strong data-start=\"1225\" data-end=\"1282\">reestructura forma parte de una estrategia permanente<\/strong> para mejorar la operaci\u00f3n del sistema penitenciario estatal.<\/p>\n<p data-start=\"1345\" data-end=\"1616\">Agreg\u00f3 que <strong data-start=\"1356\" data-end=\"1414\">\u00e9l mismo se encargar\u00e1 de elegir a los nuevos titulares<\/strong>, con el objetivo de garantizar que cuenten con los perfiles adecuados. \u201cSabemos que es una de las tareas m\u00e1s complejas. Por eso yo mismo elegir\u00e9 a los nuevos titulares, queremos a los mejores\u201d, afirm\u00f3.<\/p>\n<p data-start=\"1618\" data-end=\"1895\" data-is-last-node=\"\" data-is-only-node=\"\">Finalmente, indic\u00f3 que <strong data-start=\"1641\" data-end=\"1680\">no s\u00f3lo se removi\u00f3 a los directores<\/strong>, sino tambi\u00e9n a integrantes de sus equipos de confianza, con la intenci\u00f3n de <strong data-start=\"1758\" data-end=\"1798\">romper posibles redes de complicidad<\/strong> y avanzar hacia una administraci\u00f3n <strong data-start=\"1834\" data-end=\"1866\">m\u00e1s transparente y eficiente<\/strong> en los centros de reclusi\u00f3n.<\/p>\n","protected":false},"excerpt":{"rendered":"<p>El titular de la Secretar\u00eda de Seguridad P\u00fablica estatal, Francisco S\u00e1nchez Gonz\u00e1lez, inform\u00f3 que fueron destituidos los directores de los Centros de Reinserci\u00f3n Social de San Miguel y Tepexi de Rodr\u00edguez, junto con parte de su equipo cercano, a ra\u00edz de denuncias sobre su desempe\u00f1o y posibles irregularidades en su gesti\u00f3n. En conferencia de prensa, [&hellip;]<\/p>\n","protected":false},"author":9,"featured_media":465976,"comment_status":"open","ping_status":"open","sticky":false,"template":"","format":"standard","meta":{"footnotes":""},"categories":[1],"tags":[92813,41,65,89178,27,8254,493,12034,19024],"yst_prominent_words":[29806,31926,39589,30091,33617,33499,29837,29574,40728],"class_list":["post-465949","post","type-post","status-publish","format-standard","has-post-thumbnail","hentry","category-sin-categoria","tag-directores-de-penales","tag-es-noticia","tag-esnoticia","tag-francisco-sanchez-gonzalez","tag-hoyesnoticia","tag-hoyesnoticiaapp","tag-san-miguel","tag-secretaria-de-seguridad-publica","tag-tepexi"],"_links":{"self":[{"href":"https:\/\/sintesis.com.mx\/puebla\/wp-json\/wp\/v2\/posts\/465949"}],"collection":[{"href":"https:\/\/sintesis.com.mx\/puebla\/wp-json\/wp\/v2\/posts"}],"about":[{"href":"https:\/\/sintesis.com.mx\/puebla\/wp-json\/wp\/v2\/types\/post"}],"author":[{"embeddable":true,"href":"https:\/\/sintesis.com.mx\/puebla\/wp-json\/wp\/v2\/users\/9"}],"replies":[{"embeddable":true,"href":"https:\/\/sintesis.com.mx\/puebla\/wp-json\/wp\/v2\/comments?post=465949"}],"version-history":[{"count":3,"href":"https:\/\/sintesis.com.mx\/puebla\/wp-json\/wp\/v2\/posts\/465949\/revisions"}],"predecessor-version":[{"id":465977,"href":"https:\/\/sintesis.com.mx\/puebla\/wp-json\/wp\/v2\/posts\/465949\/revisions\/465977"}],"wp:featuredmedia":[{"embeddable":true,"href":"https:\/\/sintesis.com.mx\/puebla\/wp-json\/wp\/v2\/media\/465976"}],"wp:attachment":[{"href":"https:\/\/sintesis.com.mx\/puebla\/wp-json\/wp\/v2\/media?parent=465949"}],"wp:term":[{"taxonomy":"category","embeddable":true,"href":"https:\/\/sintesis.com.mx\/puebla\/wp-json\/wp\/v2\/categories?post=465949"},{"taxonomy":"post_tag","embeddable":true,"href":"https:\/\/sintesis.com.mx\/puebla\/wp-json\/wp\/v2\/tags?post=465949"},{"taxonomy":"yst_prominent_words","embeddable":true,"href":"https:\/\/sintesis.com.mx\/puebla\/wp-json\/wp\/v2\/yst_prominent_words?post=465949"}],"curies":[{"name":"wp","href":"https:\/\/api.w.org\/{rel}","templated":true}]}}