{"id":466072,"date":"2025-07-29T13:52:05","date_gmt":"2025-07-29T19:52:05","guid":{"rendered":"https:\/\/sintesis.com.mx\/puebla\/?p=466072"},"modified":"2025-07-29T20:37:56","modified_gmt":"2025-07-30T02:37:56","slug":"ninas-papa-casa","status":"publish","type":"post","link":"https:\/\/sintesis.com.mx\/puebla\/2025\/07\/29\/ninas-papa-casa\/","title":{"rendered":"Tres ni\u00f1as y su pap\u00e1 mueren calcinados dentro de su casa en Acatzingo"},"content":{"rendered":"<p>Durante la madrugada del 29 de julio, un incendio arras\u00f3 con una vivienda en la colonia <strong>Actipan de Morelos<\/strong>, en el municipio de <strong>Acatzingo<\/strong>, Puebla, dejando como saldo la <strong>muerte de un hombre y sus tres hijas menores de edad<\/strong>, de 7, 9 y 11 a\u00f1os.<\/p>\n<p>El siniestro se registr\u00f3 en una casa ubicada sobre la <strong>calle Francisco Javier Mina<\/strong>, donde las v\u00edctimas quedaron atrapadas sin posibilidad de escapar. Alrededor de las <strong>8:00 horas<\/strong>, un familiar dio aviso a los cuerpos de emergencia, quienes acudieron de inmediato para sofocar el fuego y rescatar a los ocupantes.<\/p>\n<p>Sin embargo, pese a los esfuerzos de <strong>bomberos, Protecci\u00f3n Civil, param\u00e9dicos y polic\u00edas municipales<\/strong>, las llamas hab\u00edan avanzado r\u00e1pidamente. Al ingresar al inmueble, los rescatistas encontraron <strong>los cuerpos calcinados de las ni\u00f1as y su padre<\/strong>.<\/p>\n<p>Las primeras versiones indican que las v\u00edctimas habr\u00edan fallecido por <strong>asfixia e intoxicaci\u00f3n por humo<\/strong> antes de que el fuego destruyera completamente la vivienda. Hasta el momento, se desconocen las causas del siniestro, aunque se investigan posibles fallas el\u00e9ctricas o una fuga de gas.<\/p>\n","protected":false},"excerpt":{"rendered":"<p>Durante la madrugada del 29 de julio, un incendio arras\u00f3 con una vivienda en la colonia Actipan de Morelos, en el municipio de Acatzingo, Puebla, dejando como saldo la muerte de un hombre y sus tres hijas menores de edad, de 7, 9 y 11 a\u00f1os. El siniestro se registr\u00f3 en una casa ubicada sobre [&hellip;]<\/p>\n","protected":false},"author":26,"featured_media":466109,"comment_status":"open","ping_status":"open","sticky":false,"template":"","format":"standard","meta":{"footnotes":""},"categories":[82762],"tags":[41,65,27,8254,470,3791,490],"yst_prominent_words":[30180,30623,38465,30599,37177],"class_list":["post-466072","post","type-post","status-publish","format-standard","has-post-thumbnail","hentry","category-seguridad","tag-es-noticia","tag-esnoticia","tag-hoyesnoticia","tag-hoyesnoticiaapp","tag-incendio","tag-ninas","tag-seguridad"],"_links":{"self":[{"href":"https:\/\/sintesis.com.mx\/puebla\/wp-json\/wp\/v2\/posts\/466072"}],"collection":[{"href":"https:\/\/sintesis.com.mx\/puebla\/wp-json\/wp\/v2\/posts"}],"about":[{"href":"https:\/\/sintesis.com.mx\/puebla\/wp-json\/wp\/v2\/types\/post"}],"author":[{"embeddable":true,"href":"https:\/\/sintesis.com.mx\/puebla\/wp-json\/wp\/v2\/users\/26"}],"replies":[{"embeddable":true,"href":"https:\/\/sintesis.com.mx\/puebla\/wp-json\/wp\/v2\/comments?post=466072"}],"version-history":[{"count":4,"href":"https:\/\/sintesis.com.mx\/puebla\/wp-json\/wp\/v2\/posts\/466072\/revisions"}],"predecessor-version":[{"id":466131,"href":"https:\/\/sintesis.com.mx\/puebla\/wp-json\/wp\/v2\/posts\/466072\/revisions\/466131"}],"wp:featuredmedia":[{"embeddable":true,"href":"https:\/\/sintesis.com.mx\/puebla\/wp-json\/wp\/v2\/media\/466109"}],"wp:attachment":[{"href":"https:\/\/sintesis.com.mx\/puebla\/wp-json\/wp\/v2\/media?parent=466072"}],"wp:term":[{"taxonomy":"category","embeddable":true,"href":"https:\/\/sintesis.com.mx\/puebla\/wp-json\/wp\/v2\/categories?post=466072"},{"taxonomy":"post_tag","embeddable":true,"href":"https:\/\/sintesis.com.mx\/puebla\/wp-json\/wp\/v2\/tags?post=466072"},{"taxonomy":"yst_prominent_words","embeddable":true,"href":"https:\/\/sintesis.com.mx\/puebla\/wp-json\/wp\/v2\/yst_prominent_words?post=466072"}],"curies":[{"name":"wp","href":"https:\/\/api.w.org\/{rel}","templated":true}]}}