{"id":467381,"date":"2025-08-10T13:51:18","date_gmt":"2025-08-10T19:51:18","guid":{"rendered":"https:\/\/sintesis.com.mx\/puebla\/?p=467381"},"modified":"2025-08-10T13:51:18","modified_gmt":"2025-08-10T19:51:18","slug":"pan-pide-la-reforma-electoral-incorpore-propuestas","status":"publish","type":"post","link":"https:\/\/sintesis.com.mx\/puebla\/2025\/08\/10\/pan-pide-la-reforma-electoral-incorpore-propuestas\/","title":{"rendered":"PAN pide que la reforma electoral incorpore sus propuestas"},"content":{"rendered":"<p>El presidente nacional del PAN, Jorge Romero Herrera, confi\u00f3 en la palabra de la presidenta Claudia Sheinbaum Pardo, quien asegur\u00f3 que habr\u00e1 apertura para que todas las fuerzas pol\u00edticas participen en la elaboraci\u00f3n de la reforma electoral.<\/p>\n<p>El dirigente panista advirti\u00f3 que es indispensable que la reforma que regular\u00e1 el sistema electoral mexicano incluya la voz de todos los actores pol\u00edticos, la ciudadan\u00eda, la academia y especialistas, y no sea dictada desde una comisi\u00f3n dominada por Morena.<\/p>\n<p>Romero Herrera alert\u00f3 que una reforma elaborada \u00fanicamente por el bloque del oficialismo ser\u00eda un golpe mortal para la democracia mexicana y consolidar\u00eda un Estado autoritario.<\/p>\n<p>Puntualiz\u00f3 que Acci\u00f3n Nacional impulsa una reforma de gran calado que contemple: segunda vuelta en la elecci\u00f3n presidencial, elecciones primarias, voto electr\u00f3nico, gobiernos de coalici\u00f3n, nulidad de la elecci\u00f3n por crimen organizado y la eliminaci\u00f3n de la sobrerrepresentaci\u00f3n.<\/p>\n<p>Jorge Romero sostuvo que se debe aprobar una reforma en la que decida la gente, no el poder, con instituciones fuertes y elecciones limpias, que garanticen la libertad plena al ejercer el voto.<\/p>\n<p>\u201cNo podemos permitir que Morena quiera cambiar las reglas del juego electoral para beneficiarse y perpetuarse en el poder. No lo podemos permitir\u201d, sentenci\u00f3.<\/p>\n<p>El l\u00edder panista recalc\u00f3 que Acci\u00f3n Nacional no respaldar\u00e1 ninguna iniciativa que debilite al sistema de partidos o a las instituciones electorales, y que seguir\u00e1 exigiendo que se integre una comisi\u00f3n verdaderamente plural con participantes de todos los partidos pol\u00edticos, sociedad civil, especialistas y autoridades electorales, que garantice un debate democr\u00e1tico e incluyente.<\/p>\n<p>\u201cM\u00e9xico necesita fortalecer su democracia con reglas resultados del consenso, como ha sucedido en ocasiones anteriores, no retroceder con imposiciones autoritarias\u201d, concluy\u00f3.<\/p>\n","protected":false},"excerpt":{"rendered":"<p>El presidente nacional del PAN, Jorge Romero Herrera, confi\u00f3 en la palabra de la presidenta Claudia Sheinbaum Pardo, quien asegur\u00f3 que habr\u00e1 apertura para que todas las fuerzas pol\u00edticas participen en la elaboraci\u00f3n de la reforma electoral. El dirigente panista advirti\u00f3 que es indispensable que la reforma que regular\u00e1 el sistema electoral mexicano incluya la [&hellip;]<\/p>\n","protected":false},"author":26,"featured_media":466314,"comment_status":"open","ping_status":"open","sticky":false,"template":"","format":"standard","meta":{"footnotes":""},"categories":[87367],"tags":[41,65,27,8254,358],"yst_prominent_words":[30170,30162,29898,40517,32580,41921,33288,32343,31956,35835,30439,30023,29821,37754,30723,29954,30463,40763],"class_list":["post-467381","post","type-post","status-publish","format-standard","has-post-thumbnail","hentry","category-nacion","tag-es-noticia","tag-esnoticia","tag-hoyesnoticia","tag-hoyesnoticiaapp","tag-pan"],"_links":{"self":[{"href":"https:\/\/sintesis.com.mx\/puebla\/wp-json\/wp\/v2\/posts\/467381"}],"collection":[{"href":"https:\/\/sintesis.com.mx\/puebla\/wp-json\/wp\/v2\/posts"}],"about":[{"href":"https:\/\/sintesis.com.mx\/puebla\/wp-json\/wp\/v2\/types\/post"}],"author":[{"embeddable":true,"href":"https:\/\/sintesis.com.mx\/puebla\/wp-json\/wp\/v2\/users\/26"}],"replies":[{"embeddable":true,"href":"https:\/\/sintesis.com.mx\/puebla\/wp-json\/wp\/v2\/comments?post=467381"}],"version-history":[{"count":1,"href":"https:\/\/sintesis.com.mx\/puebla\/wp-json\/wp\/v2\/posts\/467381\/revisions"}],"predecessor-version":[{"id":467382,"href":"https:\/\/sintesis.com.mx\/puebla\/wp-json\/wp\/v2\/posts\/467381\/revisions\/467382"}],"wp:featuredmedia":[{"embeddable":true,"href":"https:\/\/sintesis.com.mx\/puebla\/wp-json\/wp\/v2\/media\/466314"}],"wp:attachment":[{"href":"https:\/\/sintesis.com.mx\/puebla\/wp-json\/wp\/v2\/media?parent=467381"}],"wp:term":[{"taxonomy":"category","embeddable":true,"href":"https:\/\/sintesis.com.mx\/puebla\/wp-json\/wp\/v2\/categories?post=467381"},{"taxonomy":"post_tag","embeddable":true,"href":"https:\/\/sintesis.com.mx\/puebla\/wp-json\/wp\/v2\/tags?post=467381"},{"taxonomy":"yst_prominent_words","embeddable":true,"href":"https:\/\/sintesis.com.mx\/puebla\/wp-json\/wp\/v2\/yst_prominent_words?post=467381"}],"curies":[{"name":"wp","href":"https:\/\/api.w.org\/{rel}","templated":true}]}}