{"id":467644,"date":"2025-08-12T16:21:31","date_gmt":"2025-08-12T22:21:31","guid":{"rendered":"https:\/\/sintesis.com.mx\/puebla\/?p=467644"},"modified":"2025-08-12T17:57:35","modified_gmt":"2025-08-12T23:57:35","slug":"regreso-a-clases-profeco","status":"publish","type":"post","link":"https:\/\/sintesis.com.mx\/puebla\/2025\/08\/12\/regreso-a-clases-profeco\/","title":{"rendered":"Feria escolar PROFECO: ofertas de hasta el 40 por ciento de descuento"},"content":{"rendered":"<p>Del 16 al 18 de agosto, la \u201cFeria de Regreso a Clases PROFECO 2025\u201d se llevar\u00e1 a cabo en el Complejo Cultural de San Pedro Cholula, donde los padres de familia podr\u00e1n aprovechar descuentos de hasta el 40 por ciento en art\u00edculos escolares.<\/p>\n<p>El titular de la Secretar\u00eda de Educaci\u00f3n, Manuel Viveros Narciso, inform\u00f3 que se ofrecer\u00e1n productos de calidad, como mochilas, uniformes y juegos did\u00e1cticos. La presidenta municipal, Tonantzin Fern\u00e1ndez, indic\u00f3 que los precios estar\u00e1n regulados por la Procuradur\u00eda Federal del Consumidor (PROFECO), garantizando seguridad a los consumidores.<\/p>\n<p>La feria se realizar\u00e1 en la calle 4 Poniente n\u00famero 103, de 10:00 a 18:00 h, y contar\u00e1 con m\u00e1s de 40 expositores que ofrecer\u00e1n calzado, equipo de c\u00f3mputo y materiales escolares. Adem\u00e1s, se brindar\u00e1n servicios gratuitos, como cortes de cabello, reparaci\u00f3n de electrodom\u00e9sticos y asesor\u00eda legal.<\/p>\n<p>Representantes de Almacenes Rodr\u00edguez y Papeler\u00edas ABC anunciaron descuentos especiales en uniformes, ropa y \u00fatiles escolares, con precios accesibles y productos de calidad.<\/p>\n<p>Por \u00faltimo, el secretario de Desarrollo Econ\u00f3mico, V\u00edctor Gabriel Chedraui, afirm\u00f3 que el gobierno estatal impulsa esta feria para apoyar la econom\u00eda familiar y facilitar el regreso a clases con todo lo necesario.<\/p>\n","protected":false},"excerpt":{"rendered":"<p>Del 16 al 18 de agosto, la \u201cFeria de Regreso a Clases PROFECO 2025\u201d se llevar\u00e1 a cabo en el Complejo Cultural de San Pedro Cholula, donde los padres de familia podr\u00e1n aprovechar descuentos de hasta el 40 por ciento en art\u00edculos escolares. El titular de la Secretar\u00eda de Educaci\u00f3n, Manuel Viveros Narciso, inform\u00f3 que [&hellip;]<\/p>\n","protected":false},"author":9,"featured_media":467652,"comment_status":"open","ping_status":"open","sticky":false,"template":"","format":"standard","meta":{"footnotes":""},"categories":[3],"tags":[41,65,92944,88421,92946,1725,23,8253,20668,40526,13946,92945],"yst_prominent_words":[30777,30286,33518,31272,46432,30474,30783,30333,36998,30941,40816,39442],"class_list":["post-467644","post","type-post","status-publish","format-standard","has-post-thumbnail","hentry","category-puebla","tag-es-noticia","tag-esnoticia","tag-feria-de-regreso-a-clases-profeco-2025","tag-manuel-viveros-narciso","tag-pablo-rodriguez-posada","tag-profeco","tag-slide","tag-slideapp","tag-slider","tag-sliderapp","tag-tonantzin-fernandez","tag-uriel-erazo-garcia"],"_links":{"self":[{"href":"https:\/\/sintesis.com.mx\/puebla\/wp-json\/wp\/v2\/posts\/467644"}],"collection":[{"href":"https:\/\/sintesis.com.mx\/puebla\/wp-json\/wp\/v2\/posts"}],"about":[{"href":"https:\/\/sintesis.com.mx\/puebla\/wp-json\/wp\/v2\/types\/post"}],"author":[{"embeddable":true,"href":"https:\/\/sintesis.com.mx\/puebla\/wp-json\/wp\/v2\/users\/9"}],"replies":[{"embeddable":true,"href":"https:\/\/sintesis.com.mx\/puebla\/wp-json\/wp\/v2\/comments?post=467644"}],"version-history":[{"count":4,"href":"https:\/\/sintesis.com.mx\/puebla\/wp-json\/wp\/v2\/posts\/467644\/revisions"}],"predecessor-version":[{"id":467683,"href":"https:\/\/sintesis.com.mx\/puebla\/wp-json\/wp\/v2\/posts\/467644\/revisions\/467683"}],"wp:featuredmedia":[{"embeddable":true,"href":"https:\/\/sintesis.com.mx\/puebla\/wp-json\/wp\/v2\/media\/467652"}],"wp:attachment":[{"href":"https:\/\/sintesis.com.mx\/puebla\/wp-json\/wp\/v2\/media?parent=467644"}],"wp:term":[{"taxonomy":"category","embeddable":true,"href":"https:\/\/sintesis.com.mx\/puebla\/wp-json\/wp\/v2\/categories?post=467644"},{"taxonomy":"post_tag","embeddable":true,"href":"https:\/\/sintesis.com.mx\/puebla\/wp-json\/wp\/v2\/tags?post=467644"},{"taxonomy":"yst_prominent_words","embeddable":true,"href":"https:\/\/sintesis.com.mx\/puebla\/wp-json\/wp\/v2\/yst_prominent_words?post=467644"}],"curies":[{"name":"wp","href":"https:\/\/api.w.org\/{rel}","templated":true}]}}