{"id":468070,"date":"2025-08-17T15:41:09","date_gmt":"2025-08-17T21:41:09","guid":{"rendered":"https:\/\/sintesis.com.mx\/puebla\/?p=468070"},"modified":"2025-08-17T15:41:09","modified_gmt":"2025-08-17T21:41:09","slug":"bonita-chelis-impulsan","status":"publish","type":"post","link":"https:\/\/sintesis.com.mx\/puebla\/2025\/08\/17\/bonita-chelis-impulsan\/","title":{"rendered":"\u00abLa Bonita\u00bb y el Chelis impulsan la formaci\u00f3n deportiva con visorias para la UDEP"},"content":{"rendered":"<p>Como parte de una estrategia integral para consolidar la construcci\u00f3n de caminos de paz para la juventud; la Universidad del Deporte del Estado de Puebla (UDEP), con el liderazgo del rector Jos\u00e9 Luis S\u00e1nchez Sol\u00e1 y la secretaria de Deporte y Juventud, Gaby \u201cLa Bonita\u201d S\u00e1nchez, realizaron visorias en la Unidad Deportiva Mario V\u00e1zquez Ra\u00f1a.<\/p>\n<p>El encuentro reuni\u00f3 a cientos de j\u00f3venes para pruebas en disciplinas como b\u00e9isbol, f\u00fatbol, b\u00e1squetbol y box, las cuales fueron implementadas por Luis Su\u00e1rez, Orlando Rinc\u00f3n, Yannick Espinoza y Sergio Ni\u00f1o, consolida el compromiso del gobernador de Puebla, Alejandro Armenta, por trabajar en la reconstrucci\u00f3n del tejido social.<\/p>\n<p>En este sentido, \u201cLa Bonita\u201d visit\u00f3 las \u00e1reas de observaci\u00f3n y enfoc\u00f3 su an\u00e1lisis en quienes postularon la energ\u00eda en el box, especialidad de la que es Campeona Mundial y que fue asesorada por el director Sergio Ni\u00f1o.<\/p>\n<p>El \u00abChelis\u00bb a su vez, destac\u00f3 la amplia participaci\u00f3n de las y los estudiantes inscritos en las pruebas, y reiter\u00f3 su compromiso, al subrayar que no descansar\u00e1 hasta garantizar que las oportunidades est\u00e9n abiertas para todas y todos. \u201cMe preocupan aquellos que quedar\u00e1n fuera de alguna beca, porque estas visorias nos han demostrado su incre\u00edble desempe\u00f1o, por eso, seguiremos con el trabajo en equipo\u201d subray\u00f3.<\/p>\n<p>Por otra parte, S\u00e1nchez Sol\u00e1 extendi\u00f3 un recordatorio a las y los estudiantes que ya realizaron el proceso de convocatoria a la UDEP, para que no dejen pasar las fechas de evaluaciones, que consta de dos etapas:<\/p>\n<p>Primero, las pruebas de Capacidades Atl\u00e9ticas que ser\u00e1n el martes 19 y mi\u00e9rcoles 20 de agosto, por lo que deber\u00e1n acudir con ropa deportiva y agua, as\u00ed como llevar CURP y comprobante de domicilio. Segundo, el examen de conocimientos generales se realizar\u00e1 el s\u00e1bado 23 de agosto.<\/p>\n<p>Cabe destacar que la sede para las pruebas finales, ser\u00e1n en la Unidad Deportiva Mario V\u00e1zquez Ra\u00f1a, con direcci\u00f3n en la Carretera Federal Puebla\u2013Tehuac\u00e1n No. 28, Corredor Industrial La Ci\u00e9nega, y tendr\u00e1n acceso por el Gimnasio Miguel Hidalgo.<\/p>\n<p>Con estas acciones, el Gobierno del Estado de Puebla, reafirma su misi\u00f3n de abrir espacios de oportunidad y crecimiento para la juventud poblana, no solo como competencia, sino como una verdadera herramienta de transformaci\u00f3n social, educativa y comunitaria.<\/p>\n","protected":false},"excerpt":{"rendered":"<p>Como parte de una estrategia integral para consolidar la construcci\u00f3n de caminos de paz para la juventud; la Universidad del Deporte del Estado de Puebla (UDEP), con el liderazgo del rector Jos\u00e9 Luis S\u00e1nchez Sol\u00e1 y la secretaria de Deporte y Juventud, Gaby \u201cLa Bonita\u201d S\u00e1nchez, realizaron visorias en la Unidad Deportiva Mario V\u00e1zquez Ra\u00f1a. [&hellip;]<\/p>\n","protected":false},"author":26,"featured_media":468076,"comment_status":"open","ping_status":"open","sticky":false,"template":"","format":"standard","meta":{"footnotes":""},"categories":[88432,4,3],"tags":[20185,41,65,27,91137,23,20668,40526],"yst_prominent_words":[30025,31566,33978,31828,31329,29562,29574,69135,31554],"class_list":["post-468070","post","type-post","status-publish","format-standard","has-post-thumbnail","hentry","category-deporte","category-deportes","category-puebla","tag-chelis","tag-es-noticia","tag-esnoticia","tag-hoyesnoticia","tag-la-bonita","tag-slide","tag-slider","tag-sliderapp"],"_links":{"self":[{"href":"https:\/\/sintesis.com.mx\/puebla\/wp-json\/wp\/v2\/posts\/468070"}],"collection":[{"href":"https:\/\/sintesis.com.mx\/puebla\/wp-json\/wp\/v2\/posts"}],"about":[{"href":"https:\/\/sintesis.com.mx\/puebla\/wp-json\/wp\/v2\/types\/post"}],"author":[{"embeddable":true,"href":"https:\/\/sintesis.com.mx\/puebla\/wp-json\/wp\/v2\/users\/26"}],"replies":[{"embeddable":true,"href":"https:\/\/sintesis.com.mx\/puebla\/wp-json\/wp\/v2\/comments?post=468070"}],"version-history":[{"count":1,"href":"https:\/\/sintesis.com.mx\/puebla\/wp-json\/wp\/v2\/posts\/468070\/revisions"}],"predecessor-version":[{"id":468077,"href":"https:\/\/sintesis.com.mx\/puebla\/wp-json\/wp\/v2\/posts\/468070\/revisions\/468077"}],"wp:featuredmedia":[{"embeddable":true,"href":"https:\/\/sintesis.com.mx\/puebla\/wp-json\/wp\/v2\/media\/468076"}],"wp:attachment":[{"href":"https:\/\/sintesis.com.mx\/puebla\/wp-json\/wp\/v2\/media?parent=468070"}],"wp:term":[{"taxonomy":"category","embeddable":true,"href":"https:\/\/sintesis.com.mx\/puebla\/wp-json\/wp\/v2\/categories?post=468070"},{"taxonomy":"post_tag","embeddable":true,"href":"https:\/\/sintesis.com.mx\/puebla\/wp-json\/wp\/v2\/tags?post=468070"},{"taxonomy":"yst_prominent_words","embeddable":true,"href":"https:\/\/sintesis.com.mx\/puebla\/wp-json\/wp\/v2\/yst_prominent_words?post=468070"}],"curies":[{"name":"wp","href":"https:\/\/api.w.org\/{rel}","templated":true}]}}