{"id":468223,"date":"2025-08-19T13:46:50","date_gmt":"2025-08-19T19:46:50","guid":{"rendered":"https:\/\/sintesis.com.mx\/puebla\/?p=468223"},"modified":"2025-08-19T13:46:50","modified_gmt":"2025-08-19T19:46:50","slug":"sidra-huejotzingo-obtiene","status":"publish","type":"post","link":"https:\/\/sintesis.com.mx\/puebla\/2025\/08\/19\/sidra-huejotzingo-obtiene\/","title":{"rendered":"Sidra de Huejotzingo obtiene Indicaci\u00f3n Geogr\u00e1fica en Puebla"},"content":{"rendered":"<p data-start=\"327\" data-end=\"744\">Durante la entrega de la <strong data-start=\"352\" data-end=\"409\">Indicaci\u00f3n Geogr\u00e1fica (IG) de la Sidra de Huejotzingo<\/strong>, el director general del Instituto Mexicano de la Propiedad Industrial (IMPI), Santiago Nieto, destac\u00f3 que Puebla protege la <strong data-start=\"535\" data-end=\"559\">propiedad industrial<\/strong> con 74 certificaciones y 212 en tr\u00e1mite. Se\u00f1al\u00f3 que el distintivo reconoce la historia, tradici\u00f3n y cultura de los habitantes del municipio, fortaleciendo su identidad y pertenencia.<\/p>\n<p data-start=\"746\" data-end=\"1034\">El gobernador Alejandro Armenta resalt\u00f3 que la protecci\u00f3n de productos como la sidra fomenta la <strong data-start=\"842\" data-end=\"865\">riqueza comunitaria<\/strong>, al brindar oportunidades a empresarios y productores locales de generar derrama econ\u00f3mica. \u201cUstedes son motores generadores de riqueza y la distribuyen\u201d, puntualiz\u00f3.<\/p>\n<p data-start=\"1036\" data-end=\"1374\">La productora de Sidras Doronna, <strong data-start=\"1069\" data-end=\"1094\">Mar\u00eda del Carmen D\u00edaz<\/strong>, celebr\u00f3 que tras seis a\u00f1os de trabajo se consolidara la denominaci\u00f3n, resaltando que m\u00e1s de cuatro generaciones de su familia han dedicado su vida a la producci\u00f3n de sidra. Subray\u00f3 que la IG permitir\u00e1 detonar la econom\u00eda, impulsar el turismo y garantizar productos de calidad.<\/p>\n<p data-start=\"1376\" data-end=\"1624\">El secretario de Desarrollo Econ\u00f3mico y Trabajo, <strong data-start=\"1425\" data-end=\"1452\">V\u00edctor Gabriel Chedraui<\/strong>, inform\u00f3 que se inici\u00f3 el proceso para otorgar la <strong data-start=\"1503\" data-end=\"1544\">IG de la Tuna Roja Vigor de Acatzingo<\/strong>, reforzando la proyecci\u00f3n nacional e internacional de los productos poblanos.<\/p>\n<p data-start=\"1626\" data-end=\"1881\">El presidente municipal de Huejotzingo, <strong data-start=\"1666\" data-end=\"1683\">Roberto Sol\u00eds<\/strong>, y el edil de Acatzingo, <strong data-start=\"1709\" data-end=\"1727\">Germ\u00e1n Coleote<\/strong>, coincidieron en que estas certificaciones fomentan la profesionalizaci\u00f3n de los productores y posicionan las tradiciones locales en M\u00e9xico y el mundo.<\/p>\n","protected":false},"excerpt":{"rendered":"<p>Durante la entrega de la Indicaci\u00f3n Geogr\u00e1fica (IG) de la Sidra de Huejotzingo, el director general del Instituto Mexicano de la Propiedad Industrial (IMPI), Santiago Nieto, destac\u00f3 que Puebla protege la propiedad industrial con 74 certificaciones y 212 en tr\u00e1mite. Se\u00f1al\u00f3 que el distintivo reconoce la historia, tradici\u00f3n y cultura de los habitantes del municipio, [&hellip;]<\/p>\n","protected":false},"author":26,"featured_media":468224,"comment_status":"open","ping_status":"open","sticky":false,"template":"","format":"standard","meta":{"footnotes":""},"categories":[72262,9],"tags":[3298,28,18,92990,23,8253,20668,40526],"yst_prominent_words":[64806,33546,33604,30603,32450,30333,29622,32482,41329,29801],"class_list":["post-468223","post","type-post","status-publish","format-standard","has-post-thumbnail","hentry","category-gobierno","category-municipios","tag-gobierno","tag-municipios","tag-puebla","tag-sidra-de-huejotzingo","tag-slide","tag-slideapp","tag-slider","tag-sliderapp"],"_links":{"self":[{"href":"https:\/\/sintesis.com.mx\/puebla\/wp-json\/wp\/v2\/posts\/468223"}],"collection":[{"href":"https:\/\/sintesis.com.mx\/puebla\/wp-json\/wp\/v2\/posts"}],"about":[{"href":"https:\/\/sintesis.com.mx\/puebla\/wp-json\/wp\/v2\/types\/post"}],"author":[{"embeddable":true,"href":"https:\/\/sintesis.com.mx\/puebla\/wp-json\/wp\/v2\/users\/26"}],"replies":[{"embeddable":true,"href":"https:\/\/sintesis.com.mx\/puebla\/wp-json\/wp\/v2\/comments?post=468223"}],"version-history":[{"count":1,"href":"https:\/\/sintesis.com.mx\/puebla\/wp-json\/wp\/v2\/posts\/468223\/revisions"}],"predecessor-version":[{"id":468226,"href":"https:\/\/sintesis.com.mx\/puebla\/wp-json\/wp\/v2\/posts\/468223\/revisions\/468226"}],"wp:featuredmedia":[{"embeddable":true,"href":"https:\/\/sintesis.com.mx\/puebla\/wp-json\/wp\/v2\/media\/468224"}],"wp:attachment":[{"href":"https:\/\/sintesis.com.mx\/puebla\/wp-json\/wp\/v2\/media?parent=468223"}],"wp:term":[{"taxonomy":"category","embeddable":true,"href":"https:\/\/sintesis.com.mx\/puebla\/wp-json\/wp\/v2\/categories?post=468223"},{"taxonomy":"post_tag","embeddable":true,"href":"https:\/\/sintesis.com.mx\/puebla\/wp-json\/wp\/v2\/tags?post=468223"},{"taxonomy":"yst_prominent_words","embeddable":true,"href":"https:\/\/sintesis.com.mx\/puebla\/wp-json\/wp\/v2\/yst_prominent_words?post=468223"}],"curies":[{"name":"wp","href":"https:\/\/api.w.org\/{rel}","templated":true}]}}