{"id":472835,"date":"2025-10-02T19:26:59","date_gmt":"2025-10-03T01:26:59","guid":{"rendered":"https:\/\/sintesis.com.mx\/puebla\/?p=472835"},"modified":"2025-10-02T19:26:59","modified_gmt":"2025-10-03T01:26:59","slug":"paquetes-preventivos-veterinarios-gusano-barrenador","status":"publish","type":"post","link":"https:\/\/sintesis.com.mx\/puebla\/2025\/10\/02\/paquetes-preventivos-veterinarios-gusano-barrenador\/","title":{"rendered":"Entregan 25 paquetes preventivos y capacitan a veterinarios contra el gusano barrenador en Puebla"},"content":{"rendered":"<p>El gobierno de Puebla, en conjunto con autoridades federales, entreg\u00f3 25 paquetes preventivos a oficiales de los Puntos de Verificaci\u00f3n Interna (PVI), como parte de la estrategia para fortalecer la vigilancia contra el Gusano Barrenador del Ganado (GBG).<\/p>\n<p>La distribuci\u00f3n se llev\u00f3 a cabo durante el Taller de Prevenci\u00f3n, que reuni\u00f3 a m\u00e1s de 90 representantes municipales, m\u00e9dicos, veterinarios, zootecnistas y delegados estatales.<\/p>\n<p>El personal fue instruido sobre c\u00f3mo identificar y atender posibles casos de esta plaga que amenaza la salud del hato ganadero y afecta directamente la econom\u00eda de las familias.<\/p>\n<p>Los equipos, adquiridos por el Comit\u00e9 de Fomento y Salud Animal estatal, contienen insumos para curaci\u00f3n y tratamientos. Ser\u00e1n utilizados para responder de manera inmediata ante eventuales brotes.<\/p>\n<p><img loading=\"lazy\" decoding=\"async\" class=\"aligncenter wp-image-472836 size-full\" src=\"https:\/\/sintesis.com.mx\/puebla\/wp-content\/uploads\/2025\/10\/WhatsApp-Image-2025-10-02-at-19.18.43.jpeg\" alt=\"\" width=\"1280\" height=\"854\" srcset=\"https:\/\/sintesis.com.mx\/puebla\/wp-content\/uploads\/2025\/10\/WhatsApp-Image-2025-10-02-at-19.18.43.jpeg 1280w, https:\/\/sintesis.com.mx\/puebla\/wp-content\/uploads\/2025\/10\/WhatsApp-Image-2025-10-02-at-19.18.43-300x200.jpeg 300w, https:\/\/sintesis.com.mx\/puebla\/wp-content\/uploads\/2025\/10\/WhatsApp-Image-2025-10-02-at-19.18.43-1024x683.jpeg 1024w, https:\/\/sintesis.com.mx\/puebla\/wp-content\/uploads\/2025\/10\/WhatsApp-Image-2025-10-02-at-19.18.43-768x512.jpeg 768w, https:\/\/sintesis.com.mx\/puebla\/wp-content\/uploads\/2025\/10\/WhatsApp-Image-2025-10-02-at-19.18.43-696x464.jpeg 696w, https:\/\/sintesis.com.mx\/puebla\/wp-content\/uploads\/2025\/10\/WhatsApp-Image-2025-10-02-at-19.18.43-1068x713.jpeg 1068w, https:\/\/sintesis.com.mx\/puebla\/wp-content\/uploads\/2025\/10\/WhatsApp-Image-2025-10-02-at-19.18.43-630x420.jpeg 630w\" sizes=\"(max-width: 1280px) 100vw, 1280px\" \/><\/p>\n<p>La secretaria de Agricultura y Desarrollo Rural, Ana Laura Altamirano P\u00e9rez, subray\u00f3 que esta acci\u00f3n refuerza la labor conjunta entre federaci\u00f3n, estado y municipios.<\/p>\n<p>\u201cEstamos impulsando la vigilancia activa con la entrega de estos kits y la capacitaci\u00f3n t\u00e9cnica, con el objetivo de recuperar el estatus de estado libre de esta plaga y proteger el futuro de la ganader\u00eda en Puebla\u201d, expres\u00f3.<\/p>\n<p>Durante las jornadas de formaci\u00f3n, especialistas de la Direcci\u00f3n General de Inspecci\u00f3n Fitozoosanitaria y del SENASICA detallaron las medidas necesarias para contener al gusano barrenador.<\/p>\n<p>Entre ellas, la regulaci\u00f3n en la movilizaci\u00f3n de los animales, la autorizaci\u00f3n de corrales de inspecci\u00f3n con est\u00e1ndares internacionales, la ejecuci\u00f3n de simulacros de respuesta r\u00e1pida y la concientizaci\u00f3n de productores.<\/p>\n<p><img loading=\"lazy\" decoding=\"async\" class=\"aligncenter wp-image-472837 size-full\" src=\"https:\/\/sintesis.com.mx\/puebla\/wp-content\/uploads\/2025\/10\/WhatsApp-Image-2025-10-02-at-19.18.30.jpeg\" alt=\"\" width=\"1280\" height=\"854\" srcset=\"https:\/\/sintesis.com.mx\/puebla\/wp-content\/uploads\/2025\/10\/WhatsApp-Image-2025-10-02-at-19.18.30.jpeg 1280w, https:\/\/sintesis.com.mx\/puebla\/wp-content\/uploads\/2025\/10\/WhatsApp-Image-2025-10-02-at-19.18.30-300x200.jpeg 300w, https:\/\/sintesis.com.mx\/puebla\/wp-content\/uploads\/2025\/10\/WhatsApp-Image-2025-10-02-at-19.18.30-1024x683.jpeg 1024w, https:\/\/sintesis.com.mx\/puebla\/wp-content\/uploads\/2025\/10\/WhatsApp-Image-2025-10-02-at-19.18.30-768x512.jpeg 768w, https:\/\/sintesis.com.mx\/puebla\/wp-content\/uploads\/2025\/10\/WhatsApp-Image-2025-10-02-at-19.18.30-696x464.jpeg 696w, https:\/\/sintesis.com.mx\/puebla\/wp-content\/uploads\/2025\/10\/WhatsApp-Image-2025-10-02-at-19.18.30-1068x713.jpeg 1068w, https:\/\/sintesis.com.mx\/puebla\/wp-content\/uploads\/2025\/10\/WhatsApp-Image-2025-10-02-at-19.18.30-630x420.jpeg 630w\" sizes=\"(max-width: 1280px) 100vw, 1280px\" \/><\/p>\n","protected":false},"excerpt":{"rendered":"<p>El gobierno de Puebla, en conjunto con autoridades federales, entreg\u00f3 25 paquetes preventivos a oficiales de los Puntos de Verificaci\u00f3n Interna (PVI), como parte de la estrategia para fortalecer la vigilancia contra el Gusano Barrenador del Ganado (GBG). La distribuci\u00f3n se llev\u00f3 a cabo durante el Taller de Prevenci\u00f3n, que reuni\u00f3 a m\u00e1s de 90 [&hellip;]<\/p>\n","protected":false},"author":179,"featured_media":472837,"comment_status":"open","ping_status":"open","sticky":false,"template":"","format":"standard","meta":{"footnotes":""},"categories":[72262,3],"tags":[41,65,27,23,20668,40526],"yst_prominent_words":[39503,40975,39501,29562,29745,30464],"class_list":["post-472835","post","type-post","status-publish","format-standard","has-post-thumbnail","hentry","category-gobierno","category-puebla","tag-es-noticia","tag-esnoticia","tag-hoyesnoticia","tag-slide","tag-slider","tag-sliderapp"],"_links":{"self":[{"href":"https:\/\/sintesis.com.mx\/puebla\/wp-json\/wp\/v2\/posts\/472835"}],"collection":[{"href":"https:\/\/sintesis.com.mx\/puebla\/wp-json\/wp\/v2\/posts"}],"about":[{"href":"https:\/\/sintesis.com.mx\/puebla\/wp-json\/wp\/v2\/types\/post"}],"author":[{"embeddable":true,"href":"https:\/\/sintesis.com.mx\/puebla\/wp-json\/wp\/v2\/users\/179"}],"replies":[{"embeddable":true,"href":"https:\/\/sintesis.com.mx\/puebla\/wp-json\/wp\/v2\/comments?post=472835"}],"version-history":[{"count":1,"href":"https:\/\/sintesis.com.mx\/puebla\/wp-json\/wp\/v2\/posts\/472835\/revisions"}],"predecessor-version":[{"id":472838,"href":"https:\/\/sintesis.com.mx\/puebla\/wp-json\/wp\/v2\/posts\/472835\/revisions\/472838"}],"wp:featuredmedia":[{"embeddable":true,"href":"https:\/\/sintesis.com.mx\/puebla\/wp-json\/wp\/v2\/media\/472837"}],"wp:attachment":[{"href":"https:\/\/sintesis.com.mx\/puebla\/wp-json\/wp\/v2\/media?parent=472835"}],"wp:term":[{"taxonomy":"category","embeddable":true,"href":"https:\/\/sintesis.com.mx\/puebla\/wp-json\/wp\/v2\/categories?post=472835"},{"taxonomy":"post_tag","embeddable":true,"href":"https:\/\/sintesis.com.mx\/puebla\/wp-json\/wp\/v2\/tags?post=472835"},{"taxonomy":"yst_prominent_words","embeddable":true,"href":"https:\/\/sintesis.com.mx\/puebla\/wp-json\/wp\/v2\/yst_prominent_words?post=472835"}],"curies":[{"name":"wp","href":"https:\/\/api.w.org\/{rel}","templated":true}]}}