{"id":475808,"date":"2025-10-26T12:42:52","date_gmt":"2025-10-26T18:42:52","guid":{"rendered":"https:\/\/sintesis.com.mx\/puebla\/?p=475808"},"modified":"2025-10-29T12:46:15","modified_gmt":"2025-10-29T18:46:15","slug":"aficionados-chivas-atacados","status":"publish","type":"post","link":"https:\/\/sintesis.com.mx\/puebla\/2025\/10\/26\/aficionados-chivas-atacados\/","title":{"rendered":"Aficionados de Chivas son atacados tras dar serenata al equipo"},"content":{"rendered":"<p>Un joven de 16 a\u00f1os perdi\u00f3 la vida y otros dos resultaron heridos tras ser atacados por sujetos encapuchados en Guadalajara. El hecho ocurri\u00f3 la madrugada del s\u00e1bado 25 de octubre, cuando las v\u00edctimas regresaban de dar serenata a los jugadores del Club Deportivo Guadalajara (Chivas), previo al cl\u00e1sico tapat\u00edo contra Atlas.<\/p>\n<p>El ataque se registr\u00f3 en la avenida Mariano Otero, casi esquina con la calle Granate, en la colonia Verde Valle. La Fiscal\u00eda de Jalisco confirm\u00f3 que se trat\u00f3 de una agresi\u00f3n directa contra los tres aficionados. El joven fallecido fue identificado como Jos\u00e9 Eduardo Ram\u00edrez \u00c1valos, estudiante de la preparatoria regional de Santa Anita, perteneciente a la Universidad de Guadalajara (UDG).<\/p>\n<p>Seg\u00fan los primeros reportes, los agresores utilizaron armas blancas y golpearon a los j\u00f3venes sin mediar palabra. La Universidad de Guadalajara emiti\u00f3 un comunicado en el que exigi\u00f3 el esclarecimiento del crimen y expres\u00f3 sus condolencias a la familia del estudiante.<\/p>\n<p>Aunque las autoridades a\u00fan no han identificado a los responsables, en redes sociales Andrea Ram\u00edrez, hermana del joven asesinado, se\u00f1al\u00f3 que los atacantes eran presuntamente aficionados del Atlas. Esta versi\u00f3n no ha sido confirmada oficialmente.<\/p>\n<p>El caso ha generado conmoci\u00f3n en la comunidad estudiantil y deportiva de Jalisco. La Fiscal\u00eda contin\u00faa con las investigaciones para determinar el m\u00f3vil del ataque y dar con los responsables.<\/p>\n","protected":false},"excerpt":{"rendered":"<p>Un joven de 16 a\u00f1os perdi\u00f3 la vida y otros dos resultaron heridos tras ser atacados por sujetos encapuchados en Guadalajara. El hecho ocurri\u00f3 la madrugada del s\u00e1bado 25 de octubre, cuando las v\u00edctimas regresaban de dar serenata a los jugadores del Club Deportivo Guadalajara (Chivas), previo al cl\u00e1sico tapat\u00edo contra Atlas. El ataque se [&hellip;]<\/p>\n","protected":false},"author":26,"featured_media":475809,"comment_status":"open","ping_status":"open","sticky":false,"template":"","format":"standard","meta":{"footnotes":""},"categories":[88432,4],"tags":[34123,3931,7795,12894,29,41,65,42,148,27,8254,93272],"yst_prominent_words":[32908,61322,40279,29943,33541,30933,34321,33136,39942,32009,33327,29840],"class_list":["post-475808","post","type-post","status-publish","format-standard","has-post-thumbnail","hentry","category-deporte","category-deportes","tag-aficion","tag-atlas","tag-chivas","tag-conflicto","tag-deportes","tag-es-noticia","tag-esnoticia","tag-futbol","tag-guadalajara","tag-hoyesnoticia","tag-hoyesnoticiaapp","tag-mariano-otero"],"_links":{"self":[{"href":"https:\/\/sintesis.com.mx\/puebla\/wp-json\/wp\/v2\/posts\/475808"}],"collection":[{"href":"https:\/\/sintesis.com.mx\/puebla\/wp-json\/wp\/v2\/posts"}],"about":[{"href":"https:\/\/sintesis.com.mx\/puebla\/wp-json\/wp\/v2\/types\/post"}],"author":[{"embeddable":true,"href":"https:\/\/sintesis.com.mx\/puebla\/wp-json\/wp\/v2\/users\/26"}],"replies":[{"embeddable":true,"href":"https:\/\/sintesis.com.mx\/puebla\/wp-json\/wp\/v2\/comments?post=475808"}],"version-history":[{"count":1,"href":"https:\/\/sintesis.com.mx\/puebla\/wp-json\/wp\/v2\/posts\/475808\/revisions"}],"predecessor-version":[{"id":475810,"href":"https:\/\/sintesis.com.mx\/puebla\/wp-json\/wp\/v2\/posts\/475808\/revisions\/475810"}],"wp:featuredmedia":[{"embeddable":true,"href":"https:\/\/sintesis.com.mx\/puebla\/wp-json\/wp\/v2\/media\/475809"}],"wp:attachment":[{"href":"https:\/\/sintesis.com.mx\/puebla\/wp-json\/wp\/v2\/media?parent=475808"}],"wp:term":[{"taxonomy":"category","embeddable":true,"href":"https:\/\/sintesis.com.mx\/puebla\/wp-json\/wp\/v2\/categories?post=475808"},{"taxonomy":"post_tag","embeddable":true,"href":"https:\/\/sintesis.com.mx\/puebla\/wp-json\/wp\/v2\/tags?post=475808"},{"taxonomy":"yst_prominent_words","embeddable":true,"href":"https:\/\/sintesis.com.mx\/puebla\/wp-json\/wp\/v2\/yst_prominent_words?post=475808"}],"curies":[{"name":"wp","href":"https:\/\/api.w.org\/{rel}","templated":true}]}}