{"id":477176,"date":"2025-11-12T20:54:56","date_gmt":"2025-11-13T02:54:56","guid":{"rendered":"https:\/\/sintesis.com.mx\/puebla\/?p=477176"},"modified":"2025-11-12T20:54:56","modified_gmt":"2025-11-13T02:54:56","slug":"omar-munoz-inicia-obra-construccion-estacion-bomberos","status":"publish","type":"post","link":"https:\/\/sintesis.com.mx\/puebla\/2025\/11\/12\/omar-munoz-inicia-obra-construccion-estacion-bomberos\/","title":{"rendered":"Omar Mu\u00f1oz inicia obra de construcci\u00f3n de estaci\u00f3n de bomberos"},"content":{"rendered":"<p>Omar Mu\u00f1oz, presidente municipal de Cuautlancingo, dio el banderazo de inicio a la construcci\u00f3n de la estaci\u00f3n de bomberos, para continuar con la dignificaci\u00f3n de este servicio que es vital para preservar la integridad de la ciudadan\u00eda.<\/p>\n<p>Con una inversi\u00f3n de m\u00e1s de cuatro millones de pesos, el inmueble contar\u00e1 con espacios adecuados para la capacitaci\u00f3n y descanso de los elementos que integran el cuerpo de bomberos, para la atenci\u00f3n a la ciudadan\u00eda y resguardo de las unidades.<\/p>\n<p>Acompa\u00f1ado del titular de la Direcci\u00f3n de la Polic\u00eda Estatal de Bomberos del gobierno del estado, Oscar Zapotecatl Cacalo, el edil expres\u00f3 que desde el arranque de su administraci\u00f3n han trabajado a marchas forzadas con coraz\u00f3n de servicio, porque no le va a fallar al pueblo en lo que se comprometi\u00f3.<\/p>\n<p>\u201cHemos trabajado hombro con hombro quienes integramos el ayuntamiento pero tambi\u00e9n con el gobierno estatal; queremos ser la casa del trabajo colaborativo para generar m\u00e1s proyectos en beneficio de nuestro municipio\u201d.<\/p>\n<p>\u201cEsta obra es hist\u00f3rica para Cuautlancingo pues durante a\u00f1os no se prest\u00f3 atenci\u00f3n a las necesidades del pueblo y \u00fanicamente se contaba con una camioneta hechiza con una cisterna para atender las emergencias. Por ello nosotros hemos delineado un proyecto integral que incluye la adquisici\u00f3n del cami\u00f3n de bomberos, de la camioneta de ataque r\u00e1pido, de las nuevas unidades de protecci\u00f3n civil, la capacitaci\u00f3n de los elementos y la construcci\u00f3n de la estaci\u00f3n\u201d.<\/p>\n<p>El mun\u00edcipe remarc\u00f3 que uno de los objetivos de su gesti\u00f3n es que la demarcaci\u00f3n sea referente en el cuidado de la ciudadan\u00eda y que el banderazo de obra es un paso m\u00e1s en la dignificaci\u00f3n de la comunidad.<\/p>\n<p>\u201cQueremos dejar huella por las acciones realizadas, por el trabajo y el esfuerzo para generar espacios dignos para todos y que a nuestro gobierno se le recuerde como conformado por un pu\u00f1ado de hombres y mujeres que cre\u00edan que Cuautlancingo puede ser diferente. Pensando en un mejor porvenir y con una misma meta seguiremos con la transformaci\u00f3n de nuestro municipio\u201d.<\/p>\n<p>En su intervenci\u00f3n, el funcionario estatal Oscar Zapotecatl, refiri\u00f3 que es un honor que los municipios se est\u00e9n poniendo a la vanguardia en la construcci\u00f3n de sus estaciones de bomberos y est\u00e9n estrechando lazos con el gobierno del estado para brindar una mejor atenci\u00f3n a la comunidad.<\/p>\n<p>Por su parte, el Secretario de Seguridad Ciudadana y Protecci\u00f3n Civil, Pablo de la Cruz Santos, subray\u00f3 que la construcci\u00f3n de la estaci\u00f3n permitir\u00e1 reducir tiempos de respuesta y brindar\u00e1 un espacio digno de trabajo a los elementos de la Direcci\u00f3n de Bomberos.<\/p>\n<p>\u201cCumpliendo con est\u00e1ndares normativos vamos a sembrar una semilla de protecci\u00f3n y esperanza; que esta estaci\u00f3n sea s\u00edmbolo de unidad, prevenci\u00f3n y respeto por la vida. Sigamos trabajando juntos autoridades y sociedad, para construir una ciudad m\u00e1s segura, m\u00e1s preparada y m\u00e1s solidaria\u201d.<\/p>\n<p>Asimismo, la diputada Norma Pimentel aplaudi\u00f3 las acciones que ha implementado el presidente municipal para devolver la dignidad al municipio, \u201cOmar Mu\u00f1oz ha recorrido el territorio con la mirada limpia y transparente dando resultados de frente a la ciudadan\u00eda y tomando verdaderamente en cuenta sus necesidades; no en todos los municipios se da, por ello su trabajo es de reconocer\u201d.<\/p>\n","protected":false},"excerpt":{"rendered":"<p>Omar Mu\u00f1oz, presidente municipal de Cuautlancingo, dio el banderazo de inicio a la construcci\u00f3n de la estaci\u00f3n de bomberos, para continuar con la dignificaci\u00f3n de este servicio que es vital para preservar la integridad de la ciudadan\u00eda. Con una inversi\u00f3n de m\u00e1s de cuatro millones de pesos, el inmueble contar\u00e1 con espacios adecuados para la [&hellip;]<\/p>\n","protected":false},"author":26,"featured_media":477177,"comment_status":"open","ping_status":"open","sticky":false,"template":"","format":"standard","meta":{"footnotes":""},"categories":[9],"tags":[41,65,3298,27,8254,28,18,23,8253,20668,40526],"yst_prominent_words":[31372,38463,30158,29680,30032,30177,37915,30091,29786,29781,44130,47911,30887,30882,29905,29897,29801],"class_list":["post-477176","post","type-post","status-publish","format-standard","has-post-thumbnail","hentry","category-municipios","tag-es-noticia","tag-esnoticia","tag-gobierno","tag-hoyesnoticia","tag-hoyesnoticiaapp","tag-municipios","tag-puebla","tag-slide","tag-slideapp","tag-slider","tag-sliderapp"],"_links":{"self":[{"href":"https:\/\/sintesis.com.mx\/puebla\/wp-json\/wp\/v2\/posts\/477176"}],"collection":[{"href":"https:\/\/sintesis.com.mx\/puebla\/wp-json\/wp\/v2\/posts"}],"about":[{"href":"https:\/\/sintesis.com.mx\/puebla\/wp-json\/wp\/v2\/types\/post"}],"author":[{"embeddable":true,"href":"https:\/\/sintesis.com.mx\/puebla\/wp-json\/wp\/v2\/users\/26"}],"replies":[{"embeddable":true,"href":"https:\/\/sintesis.com.mx\/puebla\/wp-json\/wp\/v2\/comments?post=477176"}],"version-history":[{"count":1,"href":"https:\/\/sintesis.com.mx\/puebla\/wp-json\/wp\/v2\/posts\/477176\/revisions"}],"predecessor-version":[{"id":477178,"href":"https:\/\/sintesis.com.mx\/puebla\/wp-json\/wp\/v2\/posts\/477176\/revisions\/477178"}],"wp:featuredmedia":[{"embeddable":true,"href":"https:\/\/sintesis.com.mx\/puebla\/wp-json\/wp\/v2\/media\/477177"}],"wp:attachment":[{"href":"https:\/\/sintesis.com.mx\/puebla\/wp-json\/wp\/v2\/media?parent=477176"}],"wp:term":[{"taxonomy":"category","embeddable":true,"href":"https:\/\/sintesis.com.mx\/puebla\/wp-json\/wp\/v2\/categories?post=477176"},{"taxonomy":"post_tag","embeddable":true,"href":"https:\/\/sintesis.com.mx\/puebla\/wp-json\/wp\/v2\/tags?post=477176"},{"taxonomy":"yst_prominent_words","embeddable":true,"href":"https:\/\/sintesis.com.mx\/puebla\/wp-json\/wp\/v2\/yst_prominent_words?post=477176"}],"curies":[{"name":"wp","href":"https:\/\/api.w.org\/{rel}","templated":true}]}}