{"id":478906,"date":"2025-12-05T19:15:27","date_gmt":"2025-12-06T01:15:27","guid":{"rendered":"https:\/\/sintesis.com.mx\/puebla\/?p=478906"},"modified":"2025-12-05T19:15:27","modified_gmt":"2025-12-06T01:15:27","slug":"fortalecen-convivencia-navidena-estancias-dia-amozoc","status":"publish","type":"post","link":"https:\/\/sintesis.com.mx\/puebla\/2025\/12\/05\/fortalecen-convivencia-navidena-estancias-dia-amozoc\/","title":{"rendered":"Fortalecen convivencia navide\u00f1a entre estancias de d\u00eda de Amozoc"},"content":{"rendered":"<p>El Sistema DIF Municipal de Amozoc realiz\u00f3 el Convivio Navide\u00f1o 2025 en la Estancia de D\u00eda Amozoc, con el prop\u00f3sito de fortalecer la integraci\u00f3n y los v\u00ednculos afectivos entre las y los adultos mayores que participan en los distintos espacios de atenci\u00f3n del municipio.<\/p>\n<p>Durante su mensaje, la presidenta honoraria del DIF, Gloria Barrales Mendoza, destac\u00f3 la importancia de promover la convivencia entre las estancias de Amozoc, Mendiz\u00e1bal, Chachapa y Casa Blanca. Se\u00f1al\u00f3 que estos encuentros permiten que las personas adultas mayores se conozcan, establezcan lazos s\u00f3lidos y consoliden un sentido de familia que perdure.<\/p>\n<p>El presidente municipal, Severiano de la Rosa, asisti\u00f3 al convivio y reiter\u00f3 su compromiso con las y los adultos mayores, adem\u00e1s de reconocer el trabajo que encabeza su esposa y presidenta del DIF Municipal. Afirm\u00f3 que el Gobierno de Amozoc mantiene una pol\u00edtica de apoyo continuo para garantizar mejores condiciones de bienestar y atenci\u00f3n integral.<\/p>\n<p>Las y los asistentes disfrutaron alimentos preparados para la ocasi\u00f3n y m\u00fasica en vivo, en un ambiente de uni\u00f3n y celebraci\u00f3n que fortaleci\u00f3 la integraci\u00f3n comunitaria.<\/p>\n","protected":false},"excerpt":{"rendered":"<p>El Sistema DIF Municipal de Amozoc realiz\u00f3 el Convivio Navide\u00f1o 2025 en la Estancia de D\u00eda Amozoc, con el prop\u00f3sito de fortalecer la integraci\u00f3n y los v\u00ednculos afectivos entre las y los adultos mayores que participan en los distintos espacios de atenci\u00f3n del municipio. Durante su mensaje, la presidenta honoraria del DIF, Gloria Barrales Mendoza, [&hellip;]<\/p>\n","protected":false},"author":26,"featured_media":478907,"comment_status":"open","ping_status":"open","sticky":false,"template":"","format":"standard","meta":{"footnotes":""},"categories":[9],"tags":[41,65,3298,27,8254,28,18,23,8253,20668,40526],"yst_prominent_words":[35922,35827,29782,31372,32216,41042,53646,29816,30361],"class_list":["post-478906","post","type-post","status-publish","format-standard","has-post-thumbnail","hentry","category-municipios","tag-es-noticia","tag-esnoticia","tag-gobierno","tag-hoyesnoticia","tag-hoyesnoticiaapp","tag-municipios","tag-puebla","tag-slide","tag-slideapp","tag-slider","tag-sliderapp"],"_links":{"self":[{"href":"https:\/\/sintesis.com.mx\/puebla\/wp-json\/wp\/v2\/posts\/478906"}],"collection":[{"href":"https:\/\/sintesis.com.mx\/puebla\/wp-json\/wp\/v2\/posts"}],"about":[{"href":"https:\/\/sintesis.com.mx\/puebla\/wp-json\/wp\/v2\/types\/post"}],"author":[{"embeddable":true,"href":"https:\/\/sintesis.com.mx\/puebla\/wp-json\/wp\/v2\/users\/26"}],"replies":[{"embeddable":true,"href":"https:\/\/sintesis.com.mx\/puebla\/wp-json\/wp\/v2\/comments?post=478906"}],"version-history":[{"count":1,"href":"https:\/\/sintesis.com.mx\/puebla\/wp-json\/wp\/v2\/posts\/478906\/revisions"}],"predecessor-version":[{"id":478908,"href":"https:\/\/sintesis.com.mx\/puebla\/wp-json\/wp\/v2\/posts\/478906\/revisions\/478908"}],"wp:featuredmedia":[{"embeddable":true,"href":"https:\/\/sintesis.com.mx\/puebla\/wp-json\/wp\/v2\/media\/478907"}],"wp:attachment":[{"href":"https:\/\/sintesis.com.mx\/puebla\/wp-json\/wp\/v2\/media?parent=478906"}],"wp:term":[{"taxonomy":"category","embeddable":true,"href":"https:\/\/sintesis.com.mx\/puebla\/wp-json\/wp\/v2\/categories?post=478906"},{"taxonomy":"post_tag","embeddable":true,"href":"https:\/\/sintesis.com.mx\/puebla\/wp-json\/wp\/v2\/tags?post=478906"},{"taxonomy":"yst_prominent_words","embeddable":true,"href":"https:\/\/sintesis.com.mx\/puebla\/wp-json\/wp\/v2\/yst_prominent_words?post=478906"}],"curies":[{"name":"wp","href":"https:\/\/api.w.org\/{rel}","templated":true}]}}