{"id":479929,"date":"2025-12-18T18:31:33","date_gmt":"2025-12-19T00:31:33","guid":{"rendered":"https:\/\/sintesis.com.mx\/puebla\/?p=479929"},"modified":"2025-12-18T18:32:22","modified_gmt":"2025-12-19T00:32:22","slug":"localizan-restos-humanos-bolsas-basura-hueytamalco","status":"publish","type":"post","link":"https:\/\/sintesis.com.mx\/puebla\/2025\/12\/18\/localizan-restos-humanos-bolsas-basura-hueytamalco\/","title":{"rendered":"Localizan restos humanos en bolsas de basura en Hueytamalco"},"content":{"rendered":"<p>Durante la ma\u00f1ana de este 18 de diciembre fue localizada una bolsa de pl\u00e1stico de color negro con restos humanos en su interior, sobre la calle Juan Cris\u00f3stomo Bonilla, en el municipio de Hueytamalco, Puebla.<\/p>\n<p>Alrededor de las 06:00 horas, vecinos de la zona alertaron a los cuerpos de emergencia a trav\u00e9s del n\u00famero 911, tras percatarse de una bolsa abandonada de la que emanaba un olor f\u00e9tido. La denuncia moviliz\u00f3 a elementos de la Polic\u00eda Municipal, quienes acudieron al sitio para verificar el reporte.<\/p>\n<p>Al inspeccionar la bolsa, los agentes confirmaron la presencia de restos humanos, por lo que procedieron a acordonar el \u00e1rea y resguardar la escena, conforme a los protocolos de actuaci\u00f3n, en espera de las autoridades ministeriales.<\/p>\n<p>M\u00e1s tarde, peritos de la Fiscal\u00eda General del Estado (FGE) de Puebla realizaron el levantamiento de los restos, los cuales fueron trasladados al anfiteatro para la pr\u00e1ctica de la necropsia de ley, con el objetivo de determinar la causa de muerte.<\/p>\n<p>Hasta el momento, la identidad de la v\u00edctima no ha sido establecida. Las autoridades informaron que los restos permanecen en el anfiteatro de Teziutl\u00e1n, mientras contin\u00faan las diligencias correspondientes para lograr su identificaci\u00f3n y esclarecer los hechos.<\/p>\n","protected":false},"excerpt":{"rendered":"<p>Durante la ma\u00f1ana de este 18 de diciembre fue localizada una bolsa de pl\u00e1stico de color negro con restos humanos en su interior, sobre la calle Juan Cris\u00f3stomo Bonilla, en el municipio de Hueytamalco, Puebla. Alrededor de las 06:00 horas, vecinos de la zona alertaron a los cuerpos de emergencia a trav\u00e9s del n\u00famero 911, [&hellip;]<\/p>\n","protected":false},"author":178,"featured_media":479930,"comment_status":"open","ping_status":"open","sticky":false,"template":"","format":"standard","meta":{"footnotes":""},"categories":[1285,9,3],"tags":[41,65,3298,27,8254,28,18,23,8253,20668,40526],"yst_prominent_words":[29658,31325,31026,29562,40171,53843],"class_list":["post-479929","post","type-post","status-publish","format-standard","has-post-thumbnail","hentry","category-justicia","category-municipios","category-puebla","tag-es-noticia","tag-esnoticia","tag-gobierno","tag-hoyesnoticia","tag-hoyesnoticiaapp","tag-municipios","tag-puebla","tag-slide","tag-slideapp","tag-slider","tag-sliderapp"],"_links":{"self":[{"href":"https:\/\/sintesis.com.mx\/puebla\/wp-json\/wp\/v2\/posts\/479929"}],"collection":[{"href":"https:\/\/sintesis.com.mx\/puebla\/wp-json\/wp\/v2\/posts"}],"about":[{"href":"https:\/\/sintesis.com.mx\/puebla\/wp-json\/wp\/v2\/types\/post"}],"author":[{"embeddable":true,"href":"https:\/\/sintesis.com.mx\/puebla\/wp-json\/wp\/v2\/users\/178"}],"replies":[{"embeddable":true,"href":"https:\/\/sintesis.com.mx\/puebla\/wp-json\/wp\/v2\/comments?post=479929"}],"version-history":[{"count":1,"href":"https:\/\/sintesis.com.mx\/puebla\/wp-json\/wp\/v2\/posts\/479929\/revisions"}],"predecessor-version":[{"id":479931,"href":"https:\/\/sintesis.com.mx\/puebla\/wp-json\/wp\/v2\/posts\/479929\/revisions\/479931"}],"wp:featuredmedia":[{"embeddable":true,"href":"https:\/\/sintesis.com.mx\/puebla\/wp-json\/wp\/v2\/media\/479930"}],"wp:attachment":[{"href":"https:\/\/sintesis.com.mx\/puebla\/wp-json\/wp\/v2\/media?parent=479929"}],"wp:term":[{"taxonomy":"category","embeddable":true,"href":"https:\/\/sintesis.com.mx\/puebla\/wp-json\/wp\/v2\/categories?post=479929"},{"taxonomy":"post_tag","embeddable":true,"href":"https:\/\/sintesis.com.mx\/puebla\/wp-json\/wp\/v2\/tags?post=479929"},{"taxonomy":"yst_prominent_words","embeddable":true,"href":"https:\/\/sintesis.com.mx\/puebla\/wp-json\/wp\/v2\/yst_prominent_words?post=479929"}],"curies":[{"name":"wp","href":"https:\/\/api.w.org\/{rel}","templated":true}]}}