{"id":481048,"date":"2026-01-05T19:14:57","date_gmt":"2026-01-06T01:14:57","guid":{"rendered":"https:\/\/sintesis.com.mx\/puebla\/?p=481048"},"modified":"2026-01-05T19:14:57","modified_gmt":"2026-01-06T01:14:57","slug":"convoca-lupita-cuautle-iniciar-ano-responsabilidad-vocacion-servicio","status":"publish","type":"post","link":"https:\/\/sintesis.com.mx\/puebla\/2026\/01\/05\/convoca-lupita-cuautle-iniciar-ano-responsabilidad-vocacion-servicio\/","title":{"rendered":"Convoca Lupita Cuautle a iniciar el a\u00f1o con responsabilidad y vocaci\u00f3n de servicio"},"content":{"rendered":"<p>Como parte del fortalecimiento de valores c\u00edvicos y sentido de identidad institucional, la presidenta municipal Lupita Cuautle encabez\u00f3 la ceremonia de honores a la bandera correspondiente al mes de enero.<\/p>\n<p>Durante su mensaje, y ante integrantes del cabildo, servidoras y servidores, as\u00ed como ciudadan\u00eda, la edil convoc\u00f3 a quienes integran la administraci\u00f3n p\u00fablica municipal a desempe\u00f1ar su responsabilidad con \u00e9tica, compromiso y vocaci\u00f3n de servicio, poniendo siempre al centro el bienestar de las y los sanandrese\u00f1os. Se\u00f1al\u00f3 que el inicio de un nuevo a\u00f1o representa una oportunidad para renovar metas, fortalecer el trabajo y avanzar en la construcci\u00f3n de un mejor municipio, estado y pa\u00eds.<\/p>\n<p>En el marco de la ceremonia c\u00edvica, se dieron a conocer las efem\u00e9rides del mes, entre ellas el natalicio de Francisco Gonz\u00e1lez Bocanegra, autor de la letra del Himno Nacional Mexicano, as\u00ed como la conmemoraci\u00f3n del D\u00eda Internacional de la Polic\u00eda. En ese contexto, el titular de la Secretar\u00eda de Seguridad P\u00fablica y Protecci\u00f3n Ciudadana (SSPPC), Luis Flores Fierros, destac\u00f3 que cada mujer y hombre que integra la corporaci\u00f3n asume el deber de salvaguardar la tranquilidad de la poblaci\u00f3n, con disposici\u00f3n permanente para servir y proteger a las familias sanandrese\u00f1as.<\/p>\n<p>Con este acto c\u00edvico, el Gobierno Municipal de San Andr\u00e9s Cholula resalta la importancia de promover los valores patrios, reconocer el compromiso del servicio p\u00fablico y fortalecer la unidad y convivencia social.<\/p>\n","protected":false},"excerpt":{"rendered":"<p>Como parte del fortalecimiento de valores c\u00edvicos y sentido de identidad institucional, la presidenta municipal Lupita Cuautle encabez\u00f3 la ceremonia de honores a la bandera correspondiente al mes de enero. Durante su mensaje, y ante integrantes del cabildo, servidoras y servidores, as\u00ed como ciudadan\u00eda, la edil convoc\u00f3 a quienes integran la administraci\u00f3n p\u00fablica municipal a [&hellip;]<\/p>\n","protected":false},"author":26,"featured_media":481049,"comment_status":"open","ping_status":"open","sticky":false,"template":"","format":"standard","meta":{"footnotes":""},"categories":[12,72262,9],"tags":[41,65,3298,27,8254,28,358,896,18,59,23,8253,20668,40526],"yst_prominent_words":[31538,31901,30460,29816,29581,30702,31803],"class_list":["post-481048","post","type-post","status-publish","format-standard","has-post-thumbnail","hentry","category-cholula","category-gobierno","category-municipios","tag-es-noticia","tag-esnoticia","tag-gobierno","tag-hoyesnoticia","tag-hoyesnoticiaapp","tag-municipios","tag-pan","tag-politica","tag-puebla","tag-san-andres-cholula","tag-slide","tag-slideapp","tag-slider","tag-sliderapp"],"_links":{"self":[{"href":"https:\/\/sintesis.com.mx\/puebla\/wp-json\/wp\/v2\/posts\/481048"}],"collection":[{"href":"https:\/\/sintesis.com.mx\/puebla\/wp-json\/wp\/v2\/posts"}],"about":[{"href":"https:\/\/sintesis.com.mx\/puebla\/wp-json\/wp\/v2\/types\/post"}],"author":[{"embeddable":true,"href":"https:\/\/sintesis.com.mx\/puebla\/wp-json\/wp\/v2\/users\/26"}],"replies":[{"embeddable":true,"href":"https:\/\/sintesis.com.mx\/puebla\/wp-json\/wp\/v2\/comments?post=481048"}],"version-history":[{"count":1,"href":"https:\/\/sintesis.com.mx\/puebla\/wp-json\/wp\/v2\/posts\/481048\/revisions"}],"predecessor-version":[{"id":481050,"href":"https:\/\/sintesis.com.mx\/puebla\/wp-json\/wp\/v2\/posts\/481048\/revisions\/481050"}],"wp:featuredmedia":[{"embeddable":true,"href":"https:\/\/sintesis.com.mx\/puebla\/wp-json\/wp\/v2\/media\/481049"}],"wp:attachment":[{"href":"https:\/\/sintesis.com.mx\/puebla\/wp-json\/wp\/v2\/media?parent=481048"}],"wp:term":[{"taxonomy":"category","embeddable":true,"href":"https:\/\/sintesis.com.mx\/puebla\/wp-json\/wp\/v2\/categories?post=481048"},{"taxonomy":"post_tag","embeddable":true,"href":"https:\/\/sintesis.com.mx\/puebla\/wp-json\/wp\/v2\/tags?post=481048"},{"taxonomy":"yst_prominent_words","embeddable":true,"href":"https:\/\/sintesis.com.mx\/puebla\/wp-json\/wp\/v2\/yst_prominent_words?post=481048"}],"curies":[{"name":"wp","href":"https:\/\/api.w.org\/{rel}","templated":true}]}}