{"id":481736,"date":"2026-01-15T17:56:46","date_gmt":"2026-01-15T23:56:46","guid":{"rendered":"https:\/\/sintesis.com.mx\/puebla\/?p=481736"},"modified":"2026-01-15T17:56:46","modified_gmt":"2026-01-15T23:56:46","slug":"guardia-nacional-ejercito-mexicano-detienen-56-personas-aseguran-droga-puebla-parte-la-operacion-escudo-invernal","status":"publish","type":"post","link":"https:\/\/sintesis.com.mx\/puebla\/2026\/01\/15\/guardia-nacional-ejercito-mexicano-detienen-56-personas-aseguran-droga-puebla-parte-la-operacion-escudo-invernal\/","title":{"rendered":"Guardia Nacional y Ej\u00e9rcito Mexicano detienen a 56 personas y aseguran droga en puebla, como parte de la operaci\u00f3n \u201cEscudo Invernal\u201d"},"content":{"rendered":"<p>Las Comandancias de la VI Regi\u00f3n Militar y 25\/a. Zona Militar, hacen del conocimiento a la opini\u00f3n p\u00fablica que, en cumplimiento a lo establecido en la Estrategia Nacional de Seguridad P\u00fablica, integrantes de la Guardia Nacional en coordinaci\u00f3n con personal del Ej\u00e9rcito Mexicano y autoridades de los tres \u00f3rdenes de gobierno, del 22 de diciembre del 2025 al 12 de enero del presente a\u00f1o, detuvieron a 56 personas en flagrancia delictiva en el estado de Puebla.<\/p>\n<p>Durante este periodo, el personal de la Guardia Nacional y del Ej\u00e9rcito Mexicano efectuaron patrullajes de vigilancia y reconocimientos terrestres, asimismo, logr\u00f3 el aseguramiento de lo siguiente:<\/p>\n<p>\u27a2 25 Inmuebles.<br \/>\n\u27a2 90 Veh\u00edculos.<br \/>\n\u27a2 4 Veh\u00edculos tipo pipa.<br \/>\n\u27a2 19 Motocicletas.<br \/>\n\u27a2 8 Armas de fuego<br \/>\n\u27a2 21 Cargadores.<br \/>\n\u27a2 534 Cartuchos.<br \/>\n\u27a2 478 Dosis de droga (126 de marihuana, 334 de cristal y 18 dosis de piedra).<br \/>\n\u27a2 11 C\u00e1maras de videovigilancia empleadas para actividades il\u00edcitas.<\/p>\n<p>Los detenidos y los indicios asegurados fueron puestos a disposici\u00f3n de las autoridades competentes para determinar su situaci\u00f3n jur\u00eddica, continuar con las investigaciones y acciones periciales pertinentes; cabe se\u00f1alar que estas actividades se realizaron con estricto apego al estado de derecho y con pleno respeto a los derechos, coadyuvando a preservar las libertades, el orden y la paz p\u00fablica de la sociedad poblana.<\/p>\n","protected":false},"excerpt":{"rendered":"<p>Las Comandancias de la VI Regi\u00f3n Militar y 25\/a. Zona Militar, hacen del conocimiento a la opini\u00f3n p\u00fablica que, en cumplimiento a lo establecido en la Estrategia Nacional de Seguridad P\u00fablica, integrantes de la Guardia Nacional en coordinaci\u00f3n con personal del Ej\u00e9rcito Mexicano y autoridades de los tres \u00f3rdenes de gobierno, del 22 de diciembre [&hellip;]<\/p>\n","protected":false},"author":26,"featured_media":481737,"comment_status":"open","ping_status":"open","sticky":false,"template":"","format":"standard","meta":{"footnotes":""},"categories":[1285,9,3],"tags":[41,65,27,8254,18,23,8253,20668,40526],"yst_prominent_words":[30064,29658,35355,32499,37156,35138,30266,33505,30023,33100,29581,31061],"class_list":["post-481736","post","type-post","status-publish","format-standard","has-post-thumbnail","hentry","category-justicia","category-municipios","category-puebla","tag-es-noticia","tag-esnoticia","tag-hoyesnoticia","tag-hoyesnoticiaapp","tag-puebla","tag-slide","tag-slideapp","tag-slider","tag-sliderapp"],"_links":{"self":[{"href":"https:\/\/sintesis.com.mx\/puebla\/wp-json\/wp\/v2\/posts\/481736"}],"collection":[{"href":"https:\/\/sintesis.com.mx\/puebla\/wp-json\/wp\/v2\/posts"}],"about":[{"href":"https:\/\/sintesis.com.mx\/puebla\/wp-json\/wp\/v2\/types\/post"}],"author":[{"embeddable":true,"href":"https:\/\/sintesis.com.mx\/puebla\/wp-json\/wp\/v2\/users\/26"}],"replies":[{"embeddable":true,"href":"https:\/\/sintesis.com.mx\/puebla\/wp-json\/wp\/v2\/comments?post=481736"}],"version-history":[{"count":1,"href":"https:\/\/sintesis.com.mx\/puebla\/wp-json\/wp\/v2\/posts\/481736\/revisions"}],"predecessor-version":[{"id":481738,"href":"https:\/\/sintesis.com.mx\/puebla\/wp-json\/wp\/v2\/posts\/481736\/revisions\/481738"}],"wp:featuredmedia":[{"embeddable":true,"href":"https:\/\/sintesis.com.mx\/puebla\/wp-json\/wp\/v2\/media\/481737"}],"wp:attachment":[{"href":"https:\/\/sintesis.com.mx\/puebla\/wp-json\/wp\/v2\/media?parent=481736"}],"wp:term":[{"taxonomy":"category","embeddable":true,"href":"https:\/\/sintesis.com.mx\/puebla\/wp-json\/wp\/v2\/categories?post=481736"},{"taxonomy":"post_tag","embeddable":true,"href":"https:\/\/sintesis.com.mx\/puebla\/wp-json\/wp\/v2\/tags?post=481736"},{"taxonomy":"yst_prominent_words","embeddable":true,"href":"https:\/\/sintesis.com.mx\/puebla\/wp-json\/wp\/v2\/yst_prominent_words?post=481736"}],"curies":[{"name":"wp","href":"https:\/\/api.w.org\/{rel}","templated":true}]}}