{"id":482530,"date":"2026-01-26T17:27:09","date_gmt":"2026-01-26T23:27:09","guid":{"rendered":"https:\/\/sintesis.com.mx\/puebla\/?p=482530"},"modified":"2026-01-26T17:27:09","modified_gmt":"2026-01-26T23:27:09","slug":"refrendan-mexico-rusia-135-anos-lazos-diplomaticos-congreso-puebla","status":"publish","type":"post","link":"https:\/\/sintesis.com.mx\/puebla\/2026\/01\/26\/refrendan-mexico-rusia-135-anos-lazos-diplomaticos-congreso-puebla\/","title":{"rendered":"\u200bRefrendan M\u00e9xico y Rusia 135 a\u00f1os de lazos diplom\u00e1ticos en el Congreso de Puebla"},"content":{"rendered":"<p>En un acto que celebra m\u00e1s de un siglo de entendimiento bilateral, el diputado Pavel Gaspar Ram\u00edrez, presidente de la Junta de Gobierno y Coordinaci\u00f3n Pol\u00edtica del Congreso del Estado, encabez\u00f3 la conmemoraci\u00f3n de los 135 a\u00f1os de relaci\u00f3n diplom\u00e1tica ininterrumpida entre M\u00e9xico y la Federaci\u00f3n de Rusia.<\/p>\n<p>\u200bEl evento cont\u00f3 con la distinguida presencia del embajador de Rusia en M\u00e9xico, Nikolay Sofinskiy, marcando un hito en la agenda de cooperaci\u00f3n internacional desde la sede del Poder Legislativo poblano.<\/p>\n<p>\u200bDurante el encuentro, Gaspar Ram\u00edrez enfatiz\u00f3 que la relaci\u00f3n entre ambas naciones se ha cimentado sobre principios s\u00f3lidos de di\u00e1logo y respeto mutuo. El legislador destac\u00f3 que este v\u00ednculo ha permitido fortalecer el entendimiento cultural, educativo y social entre ambos pueblos.<\/p>\n<blockquote class=\"twitter-tweet\" data-media-max-width=\"560\">\n<p dir=\"ltr\" lang=\"es\">M\u00e9xico y Rusia estrechan lazos en Puebla. \u200bEl Congreso del Estado fue sede de la conmemoraci\u00f3n por los 135 a\u00f1os de relaciones bilaterales entre ambas naciones.<\/p>\n<p>\ud83d\udcf9 <a href=\"https:\/\/twitter.com\/nat_quintero1?ref_src=twsrc%5Etfw\">@nat_quintero1<\/a> <a href=\"https:\/\/t.co\/FZ7cYgicxj\">pic.twitter.com\/FZ7cYgicxj<\/a><\/p>\n<p>\u2014 S\u00edntesis Puebla (@sintesisweb) <a href=\"https:\/\/twitter.com\/sintesisweb\/status\/2015866226048631224?ref_src=twsrc%5Etfw\">January 26, 2026<\/a><\/p><\/blockquote>\n<p><script async src=\"https:\/\/platform.twitter.com\/widgets.js\" charset=\"utf-8\"><\/script><\/p>\n<p>\u200b\u00bbReafirmamos el compromiso de continuar con el fortalecimiento de los lazos de cooperaci\u00f3n y hermandad mutua que nos han unido por m\u00e1s de un siglo\u00bb, se\u00f1al\u00f3 el diputado tras agradecer la visita oficial del cuerpo diplom\u00e1tico.<\/p>\n<p>\u200bPor su parte, el embajador Nikolay Sofinskiy subray\u00f3 que este aniversario es una ventana para reconocer una historia compartida que ha derivado en relaciones amistosas y constructivas, siempre buscando el beneficio mutuo.<\/p>\n<p>\u200bComo punto central de la conmemoraci\u00f3n, se inaugur\u00f3 la Exposici\u00f3n de Archivos Hist\u00f3ricos 1890-2025 M\u00e9xico-Rusia. Esta muestra ofrece a los asistentes un recorrido documental detallado que evidencia la evoluci\u00f3n de una relaci\u00f3n bilateral descrita como \u00abconstante y multifac\u00e9tica\u00bb.<\/p>\n","protected":false},"excerpt":{"rendered":"<p>En un acto que celebra m\u00e1s de un siglo de entendimiento bilateral, el diputado Pavel Gaspar Ram\u00edrez, presidente de la Junta de Gobierno y Coordinaci\u00f3n Pol\u00edtica del Congreso del Estado, encabez\u00f3 la conmemoraci\u00f3n de los 135 a\u00f1os de relaci\u00f3n diplom\u00e1tica ininterrumpida entre M\u00e9xico y la Federaci\u00f3n de Rusia. \u200bEl evento cont\u00f3 con la distinguida presencia [&hellip;]<\/p>\n","protected":false},"author":180,"featured_media":482531,"comment_status":"open","ping_status":"open","sticky":false,"template":"","format":"standard","meta":{"footnotes":""},"categories":[83821,3],"tags":[687,1960,41,65,27,8254,332,88437,896,18,23,8253,20668,40526],"yst_prominent_words":[29787,51813,30409,37995,44491,31586,29626,32009,41567,35465,46838],"class_list":["post-482530","post","type-post","status-publish","format-standard","has-post-thumbnail","hentry","category-congreso","category-puebla","tag-congreso","tag-congreso-del-estado","tag-es-noticia","tag-esnoticia","tag-hoyesnoticia","tag-hoyesnoticiaapp","tag-morena","tag-pavel-gaspar","tag-politica","tag-puebla","tag-slide","tag-slideapp","tag-slider","tag-sliderapp"],"_links":{"self":[{"href":"https:\/\/sintesis.com.mx\/puebla\/wp-json\/wp\/v2\/posts\/482530"}],"collection":[{"href":"https:\/\/sintesis.com.mx\/puebla\/wp-json\/wp\/v2\/posts"}],"about":[{"href":"https:\/\/sintesis.com.mx\/puebla\/wp-json\/wp\/v2\/types\/post"}],"author":[{"embeddable":true,"href":"https:\/\/sintesis.com.mx\/puebla\/wp-json\/wp\/v2\/users\/180"}],"replies":[{"embeddable":true,"href":"https:\/\/sintesis.com.mx\/puebla\/wp-json\/wp\/v2\/comments?post=482530"}],"version-history":[{"count":1,"href":"https:\/\/sintesis.com.mx\/puebla\/wp-json\/wp\/v2\/posts\/482530\/revisions"}],"predecessor-version":[{"id":482532,"href":"https:\/\/sintesis.com.mx\/puebla\/wp-json\/wp\/v2\/posts\/482530\/revisions\/482532"}],"wp:featuredmedia":[{"embeddable":true,"href":"https:\/\/sintesis.com.mx\/puebla\/wp-json\/wp\/v2\/media\/482531"}],"wp:attachment":[{"href":"https:\/\/sintesis.com.mx\/puebla\/wp-json\/wp\/v2\/media?parent=482530"}],"wp:term":[{"taxonomy":"category","embeddable":true,"href":"https:\/\/sintesis.com.mx\/puebla\/wp-json\/wp\/v2\/categories?post=482530"},{"taxonomy":"post_tag","embeddable":true,"href":"https:\/\/sintesis.com.mx\/puebla\/wp-json\/wp\/v2\/tags?post=482530"},{"taxonomy":"yst_prominent_words","embeddable":true,"href":"https:\/\/sintesis.com.mx\/puebla\/wp-json\/wp\/v2\/yst_prominent_words?post=482530"}],"curies":[{"name":"wp","href":"https:\/\/api.w.org\/{rel}","templated":true}]}}