{"id":483666,"date":"2026-02-11T13:10:17","date_gmt":"2026-02-11T19:10:17","guid":{"rendered":"https:\/\/sintesis.com.mx\/puebla\/?p=483666"},"modified":"2026-02-11T13:10:17","modified_gmt":"2026-02-11T19:10:17","slug":"armenta-sobrevuela-incendio","status":"publish","type":"post","link":"https:\/\/sintesis.com.mx\/puebla\/2026\/02\/11\/armenta-sobrevuela-incendio\/","title":{"rendered":"Armenta sobrevuela incendio en Sierra Negra, reportan control del 70%"},"content":{"rendered":"<p><img loading=\"lazy\" decoding=\"async\" class=\"size-medium wp-image-483670 alignleft\" src=\"https:\/\/sintesis.com.mx\/puebla\/wp-content\/uploads\/2026\/02\/WhatsApp-Image-2026-02-11-at-12.42.50-PM-300x169.jpeg\" alt=\"\" width=\"300\" height=\"169\" srcset=\"https:\/\/sintesis.com.mx\/puebla\/wp-content\/uploads\/2026\/02\/WhatsApp-Image-2026-02-11-at-12.42.50-PM-300x169.jpeg 300w, https:\/\/sintesis.com.mx\/puebla\/wp-content\/uploads\/2026\/02\/WhatsApp-Image-2026-02-11-at-12.42.50-PM-1024x576.jpeg 1024w, https:\/\/sintesis.com.mx\/puebla\/wp-content\/uploads\/2026\/02\/WhatsApp-Image-2026-02-11-at-12.42.50-PM-768x432.jpeg 768w, https:\/\/sintesis.com.mx\/puebla\/wp-content\/uploads\/2026\/02\/WhatsApp-Image-2026-02-11-at-12.42.50-PM-696x392.jpeg 696w, https:\/\/sintesis.com.mx\/puebla\/wp-content\/uploads\/2026\/02\/WhatsApp-Image-2026-02-11-at-12.42.50-PM-1068x601.jpeg 1068w, https:\/\/sintesis.com.mx\/puebla\/wp-content\/uploads\/2026\/02\/WhatsApp-Image-2026-02-11-at-12.42.50-PM-747x420.jpeg 747w, https:\/\/sintesis.com.mx\/puebla\/wp-content\/uploads\/2026\/02\/WhatsApp-Image-2026-02-11-at-12.42.50-PM.jpeg 1280w\" sizes=\"(max-width: 300px) 100vw, 300px\" \/>El gobernador Alejandro Armenta supervis\u00f3 desde el aire, las labores para contener el <strong>incendio forestal en la Sierra Negra poblana<\/strong>, el cual registra 70 por ciento de control y 50 por ciento de liquidaci\u00f3n, <strong>sin riesgo para la poblaci\u00f3n.<\/strong><\/p>\n<p>De acuerdo con autoridades estatales,<strong> el siniestro afect\u00f3 aproximadamente 150 hect\u00e1reas<\/strong> en el municipio de Vicente Guerrero.<\/p>\n<p>En la zona permanece un helic\u00f3ptero que apoya las descargas de agua, junto con brigadas de Protecci\u00f3n Civil, Comisi\u00f3n Nacional Forestal (CONAFOR), Polic\u00eda Forestal y la Brigada Coyote 7.<img loading=\"lazy\" decoding=\"async\" class=\"size-medium wp-image-483672 alignright\" src=\"https:\/\/sintesis.com.mx\/puebla\/wp-content\/uploads\/2026\/02\/WhatsApp-Image-2026-02-11-at-12.42.49-PM-300x182.jpeg\" alt=\"\" width=\"300\" height=\"182\" srcset=\"https:\/\/sintesis.com.mx\/puebla\/wp-content\/uploads\/2026\/02\/WhatsApp-Image-2026-02-11-at-12.42.49-PM-300x182.jpeg 300w, https:\/\/sintesis.com.mx\/puebla\/wp-content\/uploads\/2026\/02\/WhatsApp-Image-2026-02-11-at-12.42.49-PM-1024x622.jpeg 1024w, https:\/\/sintesis.com.mx\/puebla\/wp-content\/uploads\/2026\/02\/WhatsApp-Image-2026-02-11-at-12.42.49-PM-768x467.jpeg 768w, https:\/\/sintesis.com.mx\/puebla\/wp-content\/uploads\/2026\/02\/WhatsApp-Image-2026-02-11-at-12.42.49-PM-696x423.jpeg 696w, https:\/\/sintesis.com.mx\/puebla\/wp-content\/uploads\/2026\/02\/WhatsApp-Image-2026-02-11-at-12.42.49-PM-1068x649.jpeg 1068w, https:\/\/sintesis.com.mx\/puebla\/wp-content\/uploads\/2026\/02\/WhatsApp-Image-2026-02-11-at-12.42.49-PM-691x420.jpeg 691w, https:\/\/sintesis.com.mx\/puebla\/wp-content\/uploads\/2026\/02\/WhatsApp-Image-2026-02-11-at-12.42.49-PM.jpeg 1280w\" sizes=\"(max-width: 300px) 100vw, 300px\" \/><\/p>\n<p>Durante el sobrevuelo, acompa\u00f1ado por el coordinador general de Protecci\u00f3n Civil y Gesti\u00f3n de Riesgos, Bernab\u00e9 L\u00f3pez Santos, el mandatario constat\u00f3 la estrategia operativa para frenar el avance del fuego.<\/p>\n<p>\u201cNo bajaremos la guardia hasta sofocarlo\u201d, afirm\u00f3, y advirti\u00f3 que los incendios tienen efectos devastadores en los ecosistemas.<\/p>\n<p><img loading=\"lazy\" decoding=\"async\" class=\"size-medium wp-image-483669 alignleft\" src=\"https:\/\/sintesis.com.mx\/puebla\/wp-content\/uploads\/2026\/02\/WhatsApp-Image-2026-02-11-at-12.42.50-PM-1-300x199.jpeg\" alt=\"\" width=\"300\" height=\"199\" srcset=\"https:\/\/sintesis.com.mx\/puebla\/wp-content\/uploads\/2026\/02\/WhatsApp-Image-2026-02-11-at-12.42.50-PM-1-300x199.jpeg 300w, https:\/\/sintesis.com.mx\/puebla\/wp-content\/uploads\/2026\/02\/WhatsApp-Image-2026-02-11-at-12.42.50-PM-1-1024x679.jpeg 1024w, https:\/\/sintesis.com.mx\/puebla\/wp-content\/uploads\/2026\/02\/WhatsApp-Image-2026-02-11-at-12.42.50-PM-1-768x509.jpeg 768w, https:\/\/sintesis.com.mx\/puebla\/wp-content\/uploads\/2026\/02\/WhatsApp-Image-2026-02-11-at-12.42.50-PM-1-696x462.jpeg 696w, https:\/\/sintesis.com.mx\/puebla\/wp-content\/uploads\/2026\/02\/WhatsApp-Image-2026-02-11-at-12.42.50-PM-1-1068x708.jpeg 1068w, https:\/\/sintesis.com.mx\/puebla\/wp-content\/uploads\/2026\/02\/WhatsApp-Image-2026-02-11-at-12.42.50-PM-1-633x420.jpeg 633w, https:\/\/sintesis.com.mx\/puebla\/wp-content\/uploads\/2026\/02\/WhatsApp-Image-2026-02-11-at-12.42.50-PM-1.jpeg 1280w\" sizes=\"(max-width: 300px) 100vw, 300px\" \/>Adem\u00e1s, anunci\u00f3 que en <strong>la Sierra Negra se instalar\u00e1 un laboratorio de germoplasma y un vivero forestal para producir plantas y reforestar las \u00e1reas impactadas.<\/strong><\/p>\n<p>El coordinador de Protecci\u00f3n Civil inform\u00f3 que 50 brigadistas de DEFENSA, CONAFOR, Medio Ambiente, Polic\u00eda Forestal y personal estatal trabajan en el punto afectado, y estim\u00f3 que el incendio podr\u00eda quedar liquidado en un plazo de 48 a 72 horas.<\/p>\n<p>Detall\u00f3 que <strong>el fuego inici\u00f3 el domingo<\/strong>; e<strong>l lunes se ten\u00eda 100 por ciento de control y 80 por ciento de liquidaci\u00f3n<\/strong>, pero el viento y la topograf\u00eda provocaron su reactivaci\u00f3n.<img loading=\"lazy\" decoding=\"async\" class=\"size-medium wp-image-483667 alignright\" src=\"https:\/\/sintesis.com.mx\/puebla\/wp-content\/uploads\/2026\/02\/WhatsApp-Image-2026-02-11-at-12.42.50-PM-3-300x200.jpeg\" alt=\"\" width=\"300\" height=\"200\" srcset=\"https:\/\/sintesis.com.mx\/puebla\/wp-content\/uploads\/2026\/02\/WhatsApp-Image-2026-02-11-at-12.42.50-PM-3-300x200.jpeg 300w, https:\/\/sintesis.com.mx\/puebla\/wp-content\/uploads\/2026\/02\/WhatsApp-Image-2026-02-11-at-12.42.50-PM-3-1024x682.jpeg 1024w, https:\/\/sintesis.com.mx\/puebla\/wp-content\/uploads\/2026\/02\/WhatsApp-Image-2026-02-11-at-12.42.50-PM-3-768x512.jpeg 768w, https:\/\/sintesis.com.mx\/puebla\/wp-content\/uploads\/2026\/02\/WhatsApp-Image-2026-02-11-at-12.42.50-PM-3-696x464.jpeg 696w, https:\/\/sintesis.com.mx\/puebla\/wp-content\/uploads\/2026\/02\/WhatsApp-Image-2026-02-11-at-12.42.50-PM-3-1068x712.jpeg 1068w, https:\/\/sintesis.com.mx\/puebla\/wp-content\/uploads\/2026\/02\/WhatsApp-Image-2026-02-11-at-12.42.50-PM-3-630x420.jpeg 630w, https:\/\/sintesis.com.mx\/puebla\/wp-content\/uploads\/2026\/02\/WhatsApp-Image-2026-02-11-at-12.42.50-PM-3.jpeg 1280w\" sizes=\"(max-width: 300px) 100vw, 300px\" \/><\/p>\n<p>En lo que va del a\u00f1o, se han registrado 41 incendios en Puebla con una superficie da\u00f1ada de 765 hect\u00e1reas.<\/p>\n<p>Autoridades estatales reiteraron el llamado a evitar fogatas en zonas boscosas y no dejar materiales que puedan detonar nuevos siniestros.<\/p>\n","protected":false},"excerpt":{"rendered":"<p>El gobernador Alejandro Armenta supervis\u00f3 desde el aire, las labores para contener el incendio forestal en la Sierra Negra poblana, el cual registra 70 por ciento de control y 50 por ciento de liquidaci\u00f3n, sin riesgo para la poblaci\u00f3n. De acuerdo con autoridades estatales, el siniestro afect\u00f3 aproximadamente 150 hect\u00e1reas en el municipio de Vicente [&hellip;]<\/p>\n","protected":false},"author":179,"featured_media":483671,"comment_status":"open","ping_status":"open","sticky":false,"template":"","format":"standard","meta":{"footnotes":""},"categories":[72262],"tags":[65,3298,27,8254,1367,23,8253,20668,40526],"yst_prominent_words":[34432,29658,37096,30276,29906,30176,35080,34797,34624,37179,38285,35673,29905,29897,40895],"class_list":["post-483666","post","type-post","status-publish","format-standard","has-post-thumbnail","hentry","category-gobierno","tag-esnoticia","tag-gobierno","tag-hoyesnoticia","tag-hoyesnoticiaapp","tag-sierra-negra","tag-slide","tag-slideapp","tag-slider","tag-sliderapp"],"_links":{"self":[{"href":"https:\/\/sintesis.com.mx\/puebla\/wp-json\/wp\/v2\/posts\/483666"}],"collection":[{"href":"https:\/\/sintesis.com.mx\/puebla\/wp-json\/wp\/v2\/posts"}],"about":[{"href":"https:\/\/sintesis.com.mx\/puebla\/wp-json\/wp\/v2\/types\/post"}],"author":[{"embeddable":true,"href":"https:\/\/sintesis.com.mx\/puebla\/wp-json\/wp\/v2\/users\/179"}],"replies":[{"embeddable":true,"href":"https:\/\/sintesis.com.mx\/puebla\/wp-json\/wp\/v2\/comments?post=483666"}],"version-history":[{"count":1,"href":"https:\/\/sintesis.com.mx\/puebla\/wp-json\/wp\/v2\/posts\/483666\/revisions"}],"predecessor-version":[{"id":483673,"href":"https:\/\/sintesis.com.mx\/puebla\/wp-json\/wp\/v2\/posts\/483666\/revisions\/483673"}],"wp:featuredmedia":[{"embeddable":true,"href":"https:\/\/sintesis.com.mx\/puebla\/wp-json\/wp\/v2\/media\/483671"}],"wp:attachment":[{"href":"https:\/\/sintesis.com.mx\/puebla\/wp-json\/wp\/v2\/media?parent=483666"}],"wp:term":[{"taxonomy":"category","embeddable":true,"href":"https:\/\/sintesis.com.mx\/puebla\/wp-json\/wp\/v2\/categories?post=483666"},{"taxonomy":"post_tag","embeddable":true,"href":"https:\/\/sintesis.com.mx\/puebla\/wp-json\/wp\/v2\/tags?post=483666"},{"taxonomy":"yst_prominent_words","embeddable":true,"href":"https:\/\/sintesis.com.mx\/puebla\/wp-json\/wp\/v2\/yst_prominent_words?post=483666"}],"curies":[{"name":"wp","href":"https:\/\/api.w.org\/{rel}","templated":true}]}}