{"id":484173,"date":"2026-02-18T13:01:54","date_gmt":"2026-02-18T19:01:54","guid":{"rendered":"https:\/\/sintesis.com.mx\/puebla\/?p=484173"},"modified":"2026-02-18T13:16:10","modified_gmt":"2026-02-18T19:16:10","slug":"puebla-sera-sede-10","status":"publish","type":"post","link":"https:\/\/sintesis.com.mx\/puebla\/2026\/02\/18\/puebla-sera-sede-10\/","title":{"rendered":"Puebla ser\u00e1 sede de partido M\u00e9xico vs Ghana rumbo al Mundial 2026"},"content":{"rendered":"<p><img loading=\"lazy\" decoding=\"async\" class=\"size-medium wp-image-484174 alignleft\" src=\"https:\/\/sintesis.com.mx\/puebla\/wp-content\/uploads\/2026\/02\/WhatsApp-Image-2026-02-18-at-12.46.06-PM-300x218.jpeg\" alt=\"\" width=\"300\" height=\"218\" srcset=\"https:\/\/sintesis.com.mx\/puebla\/wp-content\/uploads\/2026\/02\/WhatsApp-Image-2026-02-18-at-12.46.06-PM-300x218.jpeg 300w, https:\/\/sintesis.com.mx\/puebla\/wp-content\/uploads\/2026\/02\/WhatsApp-Image-2026-02-18-at-12.46.06-PM-1024x743.jpeg 1024w, https:\/\/sintesis.com.mx\/puebla\/wp-content\/uploads\/2026\/02\/WhatsApp-Image-2026-02-18-at-12.46.06-PM-768x557.jpeg 768w, https:\/\/sintesis.com.mx\/puebla\/wp-content\/uploads\/2026\/02\/WhatsApp-Image-2026-02-18-at-12.46.06-PM-324x235.jpeg 324w, https:\/\/sintesis.com.mx\/puebla\/wp-content\/uploads\/2026\/02\/WhatsApp-Image-2026-02-18-at-12.46.06-PM-696x505.jpeg 696w, https:\/\/sintesis.com.mx\/puebla\/wp-content\/uploads\/2026\/02\/WhatsApp-Image-2026-02-18-at-12.46.06-PM-1068x775.jpeg 1068w, https:\/\/sintesis.com.mx\/puebla\/wp-content\/uploads\/2026\/02\/WhatsApp-Image-2026-02-18-at-12.46.06-PM-579x420.jpeg 579w, https:\/\/sintesis.com.mx\/puebla\/wp-content\/uploads\/2026\/02\/WhatsApp-Image-2026-02-18-at-12.46.06-PM.jpeg 1280w\" sizes=\"(max-width: 300px) 100vw, 300px\" \/>Puebla fue confirmada como sede de uno de los partidos de preparaci\u00f3n de la Selecci\u00f3n Mexicana previo al Mundial 2026.<strong> El encuentro se disputar\u00e1 el 22 de mayo a las 20:00 horas en el Estadio Cuauht\u00e9moc.<\/strong><\/p>\n<p>El anuncio lo realiz\u00f3 el coordinador de gabinete, Jos\u00e9 Luis Garc\u00eda Parra, quien dio la bienvenida a directivos y cuerpo t\u00e9cnico.<\/p>\n<p>Se\u00f1al\u00f3 que solo habr\u00e1 tres juegos finales de preparaci\u00f3n en el pa\u00eds rumbo a la justa mundialista y uno ser\u00e1 en la capital poblana, resultado de un trabajo conjunto entre dependencias estatales.<\/p>\n<blockquote class=\"twitter-tweet\">\n<p dir=\"ltr\" lang=\"es\"><a href=\"https:\/\/twitter.com\/hashtag\/%C3%9AltimaHora?src=hash&amp;ref_src=twsrc%5Etfw\">#\u00daltimaHora<\/a> El estadio Cuauht\u00e9moc ser\u00e1 desde del partido entre M\u00e9xico y Ghana el pr\u00f3ximo 22 de mayo. De esta manera <a href=\"https:\/\/twitter.com\/hashtag\/Puebla?src=hash&amp;ref_src=twsrc%5Etfw\">#Puebla<\/a> ser\u00e1 parte del mundial 2026, informa el gobierno del estado.<\/p>\n<p>\ud83d\udcf9 <a href=\"https:\/\/twitter.com\/_Carbente_?ref_src=twsrc%5Etfw\">@_Carbente_<\/a> <a href=\"https:\/\/t.co\/b8ufF2wQkK\">pic.twitter.com\/b8ufF2wQkK<\/a><\/p>\n<p>\u2014 S\u00edntesis Puebla (@sintesisweb) <a href=\"https:\/\/twitter.com\/sintesisweb\/status\/2024164710279524523?ref_src=twsrc%5Etfw\">February 18, 2026<\/a><\/p><\/blockquote>\n<p><script async src=\"https:\/\/platform.twitter.com\/widgets.js\" charset=\"utf-8\"><\/script>El gobernador Alejandro Armenta Mier afirm\u00f3 que el estado est\u00e1 listo para recibir a la afici\u00f3n con un operativo especial de seguridad y una estrategia tur\u00edstica para que el encuentro se convierta en una fiesta deportiva.<\/p>\n<p>Subray\u00f3 que <strong>el impulso al deporte forma parte de una pol\u00edtica p\u00fablica para fortalecer el tejido social.<img loading=\"lazy\" decoding=\"async\" class=\"size-medium wp-image-484175 alignright\" src=\"https:\/\/sintesis.com.mx\/puebla\/wp-content\/uploads\/2026\/02\/WhatsApp-Image-2026-02-18-at-12.45.32-PM-300x237.jpeg\" alt=\"\" width=\"300\" height=\"237\" srcset=\"https:\/\/sintesis.com.mx\/puebla\/wp-content\/uploads\/2026\/02\/WhatsApp-Image-2026-02-18-at-12.45.32-PM-300x237.jpeg 300w, https:\/\/sintesis.com.mx\/puebla\/wp-content\/uploads\/2026\/02\/WhatsApp-Image-2026-02-18-at-12.45.32-PM-1024x809.jpeg 1024w, https:\/\/sintesis.com.mx\/puebla\/wp-content\/uploads\/2026\/02\/WhatsApp-Image-2026-02-18-at-12.45.32-PM-768x607.jpeg 768w, https:\/\/sintesis.com.mx\/puebla\/wp-content\/uploads\/2026\/02\/WhatsApp-Image-2026-02-18-at-12.45.32-PM-696x550.jpeg 696w, https:\/\/sintesis.com.mx\/puebla\/wp-content\/uploads\/2026\/02\/WhatsApp-Image-2026-02-18-at-12.45.32-PM-1068x844.jpeg 1068w, https:\/\/sintesis.com.mx\/puebla\/wp-content\/uploads\/2026\/02\/WhatsApp-Image-2026-02-18-at-12.45.32-PM-532x420.jpeg 532w, https:\/\/sintesis.com.mx\/puebla\/wp-content\/uploads\/2026\/02\/WhatsApp-Image-2026-02-18-at-12.45.32-PM.jpeg 1280w\" sizes=\"(max-width: 300px) 100vw, 300px\" \/><\/strong><\/p>\n<p>Por parte de la Federaci\u00f3n Mexicana de F\u00fatbol, Ivar Sisniega explic\u00f3 que Puebla fue elegida por su altura similar a la de Ciudad de M\u00e9xico, la cercan\u00eda con la capital del pa\u00eds y las condiciones del estadio. Agradeci\u00f3 las facilidades otorgadas por el gobierno estatal.<\/p>\n<p>Duilio Davino resalt\u00f3 que la plaza cumple con los requisitos solicitados por el cuerpo t\u00e9cnico, mientras que el director t\u00e9cnico Javier Aguirre record\u00f3 su historia con el Estadio Cuauht\u00e9moc, donde jug\u00f3 en 1986, y celebr\u00f3 volver a Puebla en esta nueva etapa.<\/p>\n<p><strong>La venta de boletos se anunciar\u00e1 en los pr\u00f3ximos d\u00edas<\/strong>; primero ser\u00e1 para clientes Banorte y despu\u00e9s para el p\u00fablico en general mediante la boletera oficial del Club Puebla.<\/p>\n","protected":false},"excerpt":{"rendered":"<p>Puebla fue confirmada como sede de uno de los partidos de preparaci\u00f3n de la Selecci\u00f3n Mexicana previo al Mundial 2026. El encuentro se disputar\u00e1 el 22 de mayo a las 20:00 horas en el Estadio Cuauht\u00e9moc. El anuncio lo realiz\u00f3 el coordinador de gabinete, Jos\u00e9 Luis Garc\u00eda Parra, quien dio la bienvenida a directivos y [&hellip;]<\/p>\n","protected":false},"author":179,"featured_media":484175,"comment_status":"open","ping_status":"open","sticky":false,"template":"","format":"standard","meta":{"footnotes":""},"categories":[72262],"tags":[41,65,3298,27,8254,93464,18,93465,23,8253,20668,40526],"yst_prominent_words":[33587,33895,32698,65573,32601,30835,57973,30081,31668,31718,37547,30498,29562,29992,37108,31016],"class_list":["post-484173","post","type-post","status-publish","format-standard","has-post-thumbnail","hentry","category-gobierno","tag-es-noticia","tag-esnoticia","tag-gobierno","tag-hoyesnoticia","tag-hoyesnoticiaapp","tag-mexico-vs-ghana","tag-puebla","tag-puebla-sede","tag-slide","tag-slideapp","tag-slider","tag-sliderapp"],"_links":{"self":[{"href":"https:\/\/sintesis.com.mx\/puebla\/wp-json\/wp\/v2\/posts\/484173"}],"collection":[{"href":"https:\/\/sintesis.com.mx\/puebla\/wp-json\/wp\/v2\/posts"}],"about":[{"href":"https:\/\/sintesis.com.mx\/puebla\/wp-json\/wp\/v2\/types\/post"}],"author":[{"embeddable":true,"href":"https:\/\/sintesis.com.mx\/puebla\/wp-json\/wp\/v2\/users\/179"}],"replies":[{"embeddable":true,"href":"https:\/\/sintesis.com.mx\/puebla\/wp-json\/wp\/v2\/comments?post=484173"}],"version-history":[{"count":3,"href":"https:\/\/sintesis.com.mx\/puebla\/wp-json\/wp\/v2\/posts\/484173\/revisions"}],"predecessor-version":[{"id":484181,"href":"https:\/\/sintesis.com.mx\/puebla\/wp-json\/wp\/v2\/posts\/484173\/revisions\/484181"}],"wp:featuredmedia":[{"embeddable":true,"href":"https:\/\/sintesis.com.mx\/puebla\/wp-json\/wp\/v2\/media\/484175"}],"wp:attachment":[{"href":"https:\/\/sintesis.com.mx\/puebla\/wp-json\/wp\/v2\/media?parent=484173"}],"wp:term":[{"taxonomy":"category","embeddable":true,"href":"https:\/\/sintesis.com.mx\/puebla\/wp-json\/wp\/v2\/categories?post=484173"},{"taxonomy":"post_tag","embeddable":true,"href":"https:\/\/sintesis.com.mx\/puebla\/wp-json\/wp\/v2\/tags?post=484173"},{"taxonomy":"yst_prominent_words","embeddable":true,"href":"https:\/\/sintesis.com.mx\/puebla\/wp-json\/wp\/v2\/yst_prominent_words?post=484173"}],"curies":[{"name":"wp","href":"https:\/\/api.w.org\/{rel}","templated":true}]}}