{"id":484257,"date":"2026-02-10T13:09:42","date_gmt":"2026-02-10T19:09:42","guid":{"rendered":"https:\/\/sintesis.com.mx\/puebla\/?p=484257"},"modified":"2026-02-19T13:12:59","modified_gmt":"2026-02-19T19:12:59","slug":"estudio-internacional-la-anahuac","status":"publish","type":"post","link":"https:\/\/sintesis.com.mx\/puebla\/2026\/02\/10\/estudio-internacional-la-anahuac\/","title":{"rendered":"Estudio internacional de la An\u00e1huac impulsa liderazgo femenino en la industria publicitaria \u00a0"},"content":{"rendered":"<p>La reflexi\u00f3n sobre el liderazgo femenino en los campos de la publicidad y las relaciones p\u00fablicas se fortaleci\u00f3 desde la academia con la participaci\u00f3n de la Universidad An\u00e1huac Puebla en una publicaci\u00f3n internacional sobre g\u00e9nero, educaci\u00f3n y cultura digital.<\/p>\n<p>La <strong>Dra. Herlinda Ortiz Rodr\u00edguez<\/strong>, Coordinadora del Centro de Investigaci\u00f3n Multidisciplinario, y la <strong>Lic. Karol L\u00f3pez L\u00f3pez<\/strong>, alumna de la Maestr\u00eda en Marketing y Comunicaci\u00f3n Estrat\u00e9gica de la universidad, participaron como autoras del cap\u00edtulo <strong>\u201cEl rol de la academia en el empoderamiento y liderazgo para el perfil profesional de las mujeres en publicidad y relaciones p\u00fablicas\u201d<\/strong>, incluido en el libro <em>Mujeres en la Ciencia<\/em>.<\/p>\n<p>El trabajo forma parte del <em>Handbook T-XXVII Education, Gender and Digital Culture: Innovation for Social Change<\/em>, editado por <strong>ECORFAN-Mexico, S.C.<\/strong> en su s\u00e9ptima edici\u00f3n 2025 (ISBN: 978-607-8948-91-8, DOI: 10.35429\/H.2025.8.55.62).<\/p>\n<p>La investigaci\u00f3n analiza el papel estrat\u00e9gico de las instituciones de educaci\u00f3n superior en la <strong>formaci\u00f3n, fortalecimiento y proyecci\u00f3n del liderazgo femenino<\/strong>, destacando a la academia como agente clave de transformaci\u00f3n social y profesional en los campos de la publicidad y las relaciones p\u00fablicas.<\/p>\n<p>Asimismo, el estudio subraya la necesidad de construir <strong>entornos educativos que promuevan la equidad de g\u00e9nero, el empoderamiento y el desarrollo de competencias profesionales<\/strong>, alineadas con los retos actuales del sector comunicativo y digital.<\/p>\n<p>\u201cDesde la academia podemos generar espacios que impulsen la confianza, el liderazgo y la preparaci\u00f3n profesional de las mujeres para incidir de manera positiva en la industria\u201d, se\u00f1al\u00f3 la Dra. Herlinda Ortiz Rodr\u00edguez, Coordinadora del Centro de Investigaci\u00f3n Multidisciplinario.<\/p>\n<p>El cap\u00edtulo integra un enfoque interdisciplinario que vincula educaci\u00f3n, g\u00e9nero y cultura digital, aportando evidencia acad\u00e9mica para el dise\u00f1o de programas formativos m\u00e1s inclusivos y orientados al desarrollo integral de las estudiantes.<\/p>\n<p>Con esta publicaci\u00f3n, la <strong>Universidad An\u00e1huac Puebla<\/strong> reafirma su compromiso con la investigaci\u00f3n aplicada, la equidad de g\u00e9nero y la formaci\u00f3n de profesionales capaces de generar impacto social desde la comunicaci\u00f3n, el marketing y las relaciones p\u00fablicas, consolid\u00e1ndose como un referente en producci\u00f3n acad\u00e9mica con perspectiva social.<\/p>\n","protected":false},"excerpt":{"rendered":"<p>La reflexi\u00f3n sobre el liderazgo femenino en los campos de la publicidad y las relaciones p\u00fablicas se fortaleci\u00f3 desde la academia con la participaci\u00f3n de la Universidad An\u00e1huac Puebla en una publicaci\u00f3n internacional sobre g\u00e9nero, educaci\u00f3n y cultura digital. La Dra. Herlinda Ortiz Rodr\u00edguez, Coordinadora del Centro de Investigaci\u00f3n Multidisciplinario, y la Lic. Karol L\u00f3pez [&hellip;]<\/p>\n","protected":false},"author":26,"featured_media":484258,"comment_status":"open","ping_status":"open","sticky":false,"template":"","format":"standard","meta":{"footnotes":""},"categories":[82758],"tags":[848,41,65,8254,23,20668],"yst_prominent_words":[50951,58319,46327,61056,30270,50952],"class_list":["post-484257","post","type-post","status-publish","format-standard","has-post-thumbnail","hentry","category-educacion","tag-anahuac","tag-es-noticia","tag-esnoticia","tag-hoyesnoticiaapp","tag-slide","tag-slider"],"_links":{"self":[{"href":"https:\/\/sintesis.com.mx\/puebla\/wp-json\/wp\/v2\/posts\/484257"}],"collection":[{"href":"https:\/\/sintesis.com.mx\/puebla\/wp-json\/wp\/v2\/posts"}],"about":[{"href":"https:\/\/sintesis.com.mx\/puebla\/wp-json\/wp\/v2\/types\/post"}],"author":[{"embeddable":true,"href":"https:\/\/sintesis.com.mx\/puebla\/wp-json\/wp\/v2\/users\/26"}],"replies":[{"embeddable":true,"href":"https:\/\/sintesis.com.mx\/puebla\/wp-json\/wp\/v2\/comments?post=484257"}],"version-history":[{"count":1,"href":"https:\/\/sintesis.com.mx\/puebla\/wp-json\/wp\/v2\/posts\/484257\/revisions"}],"predecessor-version":[{"id":484259,"href":"https:\/\/sintesis.com.mx\/puebla\/wp-json\/wp\/v2\/posts\/484257\/revisions\/484259"}],"wp:featuredmedia":[{"embeddable":true,"href":"https:\/\/sintesis.com.mx\/puebla\/wp-json\/wp\/v2\/media\/484258"}],"wp:attachment":[{"href":"https:\/\/sintesis.com.mx\/puebla\/wp-json\/wp\/v2\/media?parent=484257"}],"wp:term":[{"taxonomy":"category","embeddable":true,"href":"https:\/\/sintesis.com.mx\/puebla\/wp-json\/wp\/v2\/categories?post=484257"},{"taxonomy":"post_tag","embeddable":true,"href":"https:\/\/sintesis.com.mx\/puebla\/wp-json\/wp\/v2\/tags?post=484257"},{"taxonomy":"yst_prominent_words","embeddable":true,"href":"https:\/\/sintesis.com.mx\/puebla\/wp-json\/wp\/v2\/yst_prominent_words?post=484257"}],"curies":[{"name":"wp","href":"https:\/\/api.w.org\/{rel}","templated":true}]}}