{"id":484590,"date":"2026-02-23T14:45:26","date_gmt":"2026-02-23T20:45:26","guid":{"rendered":"https:\/\/sintesis.com.mx\/puebla\/?p=484590"},"modified":"2026-02-23T14:45:26","modified_gmt":"2026-02-23T20:45:26","slug":"san-pedro-cholula-fortalece-2","status":"publish","type":"post","link":"https:\/\/sintesis.com.mx\/puebla\/2026\/02\/23\/san-pedro-cholula-fortalece-2\/","title":{"rendered":"San Pedro Cholula fortalece coordinaci\u00f3n interinstitucional en Mesa de Seguridad"},"content":{"rendered":"<p><img loading=\"lazy\" decoding=\"async\" class=\"size-medium wp-image-484592 alignleft\" src=\"https:\/\/sintesis.com.mx\/puebla\/wp-content\/uploads\/2026\/02\/WhatsApp-Image-2026-02-23-at-2.30.20-PM-1-300x300.jpeg\" alt=\"\" width=\"300\" height=\"300\" srcset=\"https:\/\/sintesis.com.mx\/puebla\/wp-content\/uploads\/2026\/02\/WhatsApp-Image-2026-02-23-at-2.30.20-PM-1-300x300.jpeg 300w, https:\/\/sintesis.com.mx\/puebla\/wp-content\/uploads\/2026\/02\/WhatsApp-Image-2026-02-23-at-2.30.20-PM-1-1024x1024.jpeg 1024w, https:\/\/sintesis.com.mx\/puebla\/wp-content\/uploads\/2026\/02\/WhatsApp-Image-2026-02-23-at-2.30.20-PM-1-150x150.jpeg 150w, https:\/\/sintesis.com.mx\/puebla\/wp-content\/uploads\/2026\/02\/WhatsApp-Image-2026-02-23-at-2.30.20-PM-1-768x768.jpeg 768w, https:\/\/sintesis.com.mx\/puebla\/wp-content\/uploads\/2026\/02\/WhatsApp-Image-2026-02-23-at-2.30.20-PM-1-696x696.jpeg 696w, https:\/\/sintesis.com.mx\/puebla\/wp-content\/uploads\/2026\/02\/WhatsApp-Image-2026-02-23-at-2.30.20-PM-1-1068x1068.jpeg 1068w, https:\/\/sintesis.com.mx\/puebla\/wp-content\/uploads\/2026\/02\/WhatsApp-Image-2026-02-23-at-2.30.20-PM-1-420x420.jpeg 420w, https:\/\/sintesis.com.mx\/puebla\/wp-content\/uploads\/2026\/02\/WhatsApp-Image-2026-02-23-at-2.30.20-PM-1.jpeg 1536w\" sizes=\"(max-width: 300px) 100vw, 300px\" \/>El Gobierno de San Pedro Cholula inform\u00f3 que se llev\u00f3 a cabo una Mesa de Seguridad en coordinaci\u00f3n con las Secretar\u00edas de Gobernaci\u00f3n y de Seguridad Ciudadana, <strong>con el objetivo de fortalecer las estrategias de prevenci\u00f3n y garantizar la tranquilidad en el municipio.<\/strong><\/p>\n<p>Durante la sesi\u00f3n se refrend\u00f3 la coordinaci\u00f3n con el gobernador Alejandro Armenta y con la presidenta de M\u00e9xico, Claudia Sheinbaum, alineando acciones a la estrategia estatal y nacional de seguridad. Asimismo, se reconoci\u00f3 el trabajo permanente de las fuerzas de seguridad y de quienes contribuyen diariamente a preservar el orden y proteger a la ciudadan\u00eda.<\/p>\n<p><strong>Como parte de los acuerdos alcanzados, se determin\u00f3 reforzar la presencia operativa en plazas comerciales y puntos de mayor afluencia<\/strong>, adem\u00e1s de mantener patrullajes preventivos y vigilancia estrat\u00e9gica en diversas zonas del municipio.<img loading=\"lazy\" decoding=\"async\" class=\"size-medium wp-image-484591 alignright\" src=\"https:\/\/sintesis.com.mx\/puebla\/wp-content\/uploads\/2026\/02\/WhatsApp-Image-2026-02-23-at-2.30.20-PM-2-300x300.jpeg\" alt=\"\" width=\"300\" height=\"300\" srcset=\"https:\/\/sintesis.com.mx\/puebla\/wp-content\/uploads\/2026\/02\/WhatsApp-Image-2026-02-23-at-2.30.20-PM-2-300x300.jpeg 300w, https:\/\/sintesis.com.mx\/puebla\/wp-content\/uploads\/2026\/02\/WhatsApp-Image-2026-02-23-at-2.30.20-PM-2-1024x1024.jpeg 1024w, https:\/\/sintesis.com.mx\/puebla\/wp-content\/uploads\/2026\/02\/WhatsApp-Image-2026-02-23-at-2.30.20-PM-2-150x150.jpeg 150w, https:\/\/sintesis.com.mx\/puebla\/wp-content\/uploads\/2026\/02\/WhatsApp-Image-2026-02-23-at-2.30.20-PM-2-768x768.jpeg 768w, https:\/\/sintesis.com.mx\/puebla\/wp-content\/uploads\/2026\/02\/WhatsApp-Image-2026-02-23-at-2.30.20-PM-2-696x696.jpeg 696w, https:\/\/sintesis.com.mx\/puebla\/wp-content\/uploads\/2026\/02\/WhatsApp-Image-2026-02-23-at-2.30.20-PM-2-1068x1068.jpeg 1068w, https:\/\/sintesis.com.mx\/puebla\/wp-content\/uploads\/2026\/02\/WhatsApp-Image-2026-02-23-at-2.30.20-PM-2-420x420.jpeg 420w, https:\/\/sintesis.com.mx\/puebla\/wp-content\/uploads\/2026\/02\/WhatsApp-Image-2026-02-23-at-2.30.20-PM-2.jpeg 1536w\" sizes=\"(max-width: 300px) 100vw, 300px\" \/><\/p>\n<p>La administraci\u00f3n municipal, encabezada por Tonantzin Fern\u00e1ndez, reiter\u00f3 su compromiso de trabajar de manera coordinada con los tres niveles de gobierno para consolidar entornos seguros y en paz.<\/p>\n<p><strong>Se invita a la ciudadan\u00eda a reportar cualquier situaci\u00f3n inusual al n\u00famero de emergencia local 222 247 0562.<\/strong><\/p>\n","protected":false},"excerpt":{"rendered":"<p>El Gobierno de San Pedro Cholula inform\u00f3 que se llev\u00f3 a cabo una Mesa de Seguridad en coordinaci\u00f3n con las Secretar\u00edas de Gobernaci\u00f3n y de Seguridad Ciudadana, con el objetivo de fortalecer las estrategias de prevenci\u00f3n y garantizar la tranquilidad en el municipio. Durante la sesi\u00f3n se refrend\u00f3 la coordinaci\u00f3n con el gobernador Alejandro Armenta [&hellip;]<\/p>\n","protected":false},"author":26,"featured_media":484593,"comment_status":"open","ping_status":"open","sticky":false,"template":"","format":"standard","meta":{"footnotes":""},"categories":[9],"tags":[41,65,8254,14799,28,18,437,23,8253,20668,40526],"yst_prominent_words":[30158,32625,29786,29781,29580],"class_list":["post-484590","post","type-post","status-publish","format-standard","has-post-thumbnail","hentry","category-municipios","tag-es-noticia","tag-esnoticia","tag-hoyesnoticiaapp","tag-mesa-de-seguridad","tag-municipios","tag-puebla","tag-san-pedro-cholula","tag-slide","tag-slideapp","tag-slider","tag-sliderapp"],"_links":{"self":[{"href":"https:\/\/sintesis.com.mx\/puebla\/wp-json\/wp\/v2\/posts\/484590"}],"collection":[{"href":"https:\/\/sintesis.com.mx\/puebla\/wp-json\/wp\/v2\/posts"}],"about":[{"href":"https:\/\/sintesis.com.mx\/puebla\/wp-json\/wp\/v2\/types\/post"}],"author":[{"embeddable":true,"href":"https:\/\/sintesis.com.mx\/puebla\/wp-json\/wp\/v2\/users\/26"}],"replies":[{"embeddable":true,"href":"https:\/\/sintesis.com.mx\/puebla\/wp-json\/wp\/v2\/comments?post=484590"}],"version-history":[{"count":1,"href":"https:\/\/sintesis.com.mx\/puebla\/wp-json\/wp\/v2\/posts\/484590\/revisions"}],"predecessor-version":[{"id":484594,"href":"https:\/\/sintesis.com.mx\/puebla\/wp-json\/wp\/v2\/posts\/484590\/revisions\/484594"}],"wp:featuredmedia":[{"embeddable":true,"href":"https:\/\/sintesis.com.mx\/puebla\/wp-json\/wp\/v2\/media\/484593"}],"wp:attachment":[{"href":"https:\/\/sintesis.com.mx\/puebla\/wp-json\/wp\/v2\/media?parent=484590"}],"wp:term":[{"taxonomy":"category","embeddable":true,"href":"https:\/\/sintesis.com.mx\/puebla\/wp-json\/wp\/v2\/categories?post=484590"},{"taxonomy":"post_tag","embeddable":true,"href":"https:\/\/sintesis.com.mx\/puebla\/wp-json\/wp\/v2\/tags?post=484590"},{"taxonomy":"yst_prominent_words","embeddable":true,"href":"https:\/\/sintesis.com.mx\/puebla\/wp-json\/wp\/v2\/yst_prominent_words?post=484590"}],"curies":[{"name":"wp","href":"https:\/\/api.w.org\/{rel}","templated":true}]}}