{"id":485098,"date":"2026-03-02T13:27:28","date_gmt":"2026-03-02T19:27:28","guid":{"rendered":"https:\/\/sintesis.com.mx\/puebla\/?p=485098"},"modified":"2026-03-02T13:27:28","modified_gmt":"2026-03-02T19:27:28","slug":"485098","status":"publish","type":"post","link":"https:\/\/sintesis.com.mx\/puebla\/2026\/03\/02\/485098\/","title":{"rendered":"El 8M se desplegar\u00e1n mil 332 elementos de seguridad en el estado"},"content":{"rendered":"<p>El gobierno de Puebla, <strong>implementar\u00e1 un operativo especial de seguridad<\/strong> con motivo del <strong>D\u00eda Internacional de la Mujer, que se conmemora el pr\u00f3ximo 8 de marzo.<\/strong><\/p>\n<p>Esto con el objetivo de garantizar el derecho a la libre manifestaci\u00f3n y proteger la integridad de las participantes durante las movilizaciones previstas en la entidad.<\/p>\n<p>El secretario de Seguridad P\u00fablica, vicealmirante Francisco S\u00e1nchez Gonz\u00e1lez, inform\u00f3 que se desplegar\u00e1n mil 332 elementos en todo el estado, de los cuales 632 ser\u00e1n mujeres y 700 hombres.<\/p>\n<p><strong>El operativo se desarrollar\u00e1 en coordinaci\u00f3n con corporaciones municipales y federales para reforzar la vigilancia y la capacidad de respuesta ante cualquier eventualidad.<\/strong><\/p>\n<p>Como parte de la estrategia, se instalar\u00e1n centros de mando interinstitucionales en el Complejo Metropolitano de Seguridad y en la Secretar\u00eda de Seguridad Ciudadana (SSC) del municipio de Puebla.<\/p>\n<p><strong>Desde estos puntos se dar\u00e1 seguimiento en tiempo real a los recorridos, concentraciones y actividades programadas durante la jornada.<\/strong><\/p>\n<p>En la capital poblana se colocar\u00e1n dispositivos de seguridad en 18 puntos considerados estrat\u00e9gicos, principalmente en zonas donde tradicionalmente se realizan marchas y concentraciones.<\/p>\n<p>Asimismo, se inform\u00f3 que mujeres polic\u00edas acompa\u00f1ar\u00e1n a los contingentes desde la retaguardia, bajo un enfoque de respeto a los Derechos Humanos y con tareas de prevenci\u00f3n y apoyo.<\/p>\n<p><strong>El gobierno estatal reiter\u00f3 que el operativo busca privilegiar el di\u00e1logo y la coordinaci\u00f3n institucional durante la jornada del 8 de marzo.<\/strong><\/p>\n","protected":false},"excerpt":{"rendered":"<p>El gobierno de Puebla, implementar\u00e1 un operativo especial de seguridad con motivo del D\u00eda Internacional de la Mujer, que se conmemora el pr\u00f3ximo 8 de marzo. Esto con el objetivo de garantizar el derecho a la libre manifestaci\u00f3n y proteger la integridad de las participantes durante las movilizaciones previstas en la entidad. El secretario de [&hellip;]<\/p>\n","protected":false},"author":179,"featured_media":485099,"comment_status":"open","ping_status":"open","sticky":false,"template":"","format":"standard","meta":{"footnotes":""},"categories":[72262,3,82762],"tags":[70781,20083,41,65,27,8254,18,490,23,8253,20668,40526],"yst_prominent_words":[32359,43332,32625,29786,29707,31726,30027,31161,30039,29562,29580],"class_list":["post-485098","post","type-post","status-publish","format-standard","has-post-thumbnail","hentry","category-gobierno","category-puebla","category-seguridad","tag-8m","tag-elementos-de-seguridad","tag-es-noticia","tag-esnoticia","tag-hoyesnoticia","tag-hoyesnoticiaapp","tag-puebla","tag-seguridad","tag-slide","tag-slideapp","tag-slider","tag-sliderapp"],"_links":{"self":[{"href":"https:\/\/sintesis.com.mx\/puebla\/wp-json\/wp\/v2\/posts\/485098"}],"collection":[{"href":"https:\/\/sintesis.com.mx\/puebla\/wp-json\/wp\/v2\/posts"}],"about":[{"href":"https:\/\/sintesis.com.mx\/puebla\/wp-json\/wp\/v2\/types\/post"}],"author":[{"embeddable":true,"href":"https:\/\/sintesis.com.mx\/puebla\/wp-json\/wp\/v2\/users\/179"}],"replies":[{"embeddable":true,"href":"https:\/\/sintesis.com.mx\/puebla\/wp-json\/wp\/v2\/comments?post=485098"}],"version-history":[{"count":1,"href":"https:\/\/sintesis.com.mx\/puebla\/wp-json\/wp\/v2\/posts\/485098\/revisions"}],"predecessor-version":[{"id":485100,"href":"https:\/\/sintesis.com.mx\/puebla\/wp-json\/wp\/v2\/posts\/485098\/revisions\/485100"}],"wp:featuredmedia":[{"embeddable":true,"href":"https:\/\/sintesis.com.mx\/puebla\/wp-json\/wp\/v2\/media\/485099"}],"wp:attachment":[{"href":"https:\/\/sintesis.com.mx\/puebla\/wp-json\/wp\/v2\/media?parent=485098"}],"wp:term":[{"taxonomy":"category","embeddable":true,"href":"https:\/\/sintesis.com.mx\/puebla\/wp-json\/wp\/v2\/categories?post=485098"},{"taxonomy":"post_tag","embeddable":true,"href":"https:\/\/sintesis.com.mx\/puebla\/wp-json\/wp\/v2\/tags?post=485098"},{"taxonomy":"yst_prominent_words","embeddable":true,"href":"https:\/\/sintesis.com.mx\/puebla\/wp-json\/wp\/v2\/yst_prominent_words?post=485098"}],"curies":[{"name":"wp","href":"https:\/\/api.w.org\/{rel}","templated":true}]}}