{"id":485122,"date":"2026-03-02T17:31:13","date_gmt":"2026-03-02T23:31:13","guid":{"rendered":"https:\/\/sintesis.com.mx\/puebla\/?p=485122"},"modified":"2026-03-02T17:31:13","modified_gmt":"2026-03-02T23:31:13","slug":"respalda-armenta-reforma-electoral-llama-al-dialogo-ante-postura-del-pt","status":"publish","type":"post","link":"https:\/\/sintesis.com.mx\/puebla\/2026\/03\/02\/respalda-armenta-reforma-electoral-llama-al-dialogo-ante-postura-del-pt\/","title":{"rendered":"Respalda Armenta reforma electoral y llama al di\u00e1logo ante postura del PT"},"content":{"rendered":"<p>El gobernador de Puebla, Alejandro Armenta, manifest\u00f3 su respaldo a la reforma electoral presentada por la presidenta Claudia Sheinbaum, aunque subray\u00f3 que ser\u00e1 el Congreso de la Uni\u00f3n el encargado de analizar y, en su caso, aprobar la iniciativa.<\/p>\n<p>\u201cLa presidenta ya present\u00f3 la iniciativa y en lo personal la respaldo. Todos los cargos de elecci\u00f3n popular han sido v\u00eda democr\u00e1tica. La representaci\u00f3n popular debe estar regulada\u201d, expres\u00f3.<\/p>\n<p>El mandatario estatal enfatiz\u00f3 que el proceso legislativo corresponde a diputadas y diputados federales, por lo que ser\u00e1n ellos quienes determinen el rumbo de la propuesta.<\/p>\n<p>En medio de posturas encontradas dentro de fuerzas aliadas, Armenta descart\u00f3 un rompimiento en la coalici\u00f3n gobernante en Puebla, particularmente ante el posicionamiento del Partido del Trabajo (PT), cuyos representantes han manifestado su rechazo a la reforma.<\/p>\n<p>\u201cUno de los principios b\u00e1sicos de la democracia es no estar de acuerdo y expresar opiniones distintas. Puede no haber coincidencias, pero el di\u00e1logo ayuda a construir consensos\u201d, se\u00f1al\u00f3.<\/p>\n<p>El gobernador reiter\u00f3 que existe respeto hacia las posturas asumidas por legisladores petistas y asegur\u00f3 que continuar\u00e1 la comunicaci\u00f3n para buscar puntos de coincidencia.<\/p>\n<p>La dirigencia del PT en Puebla, encabezada por la senadora Liz S\u00e1nchez, junto con la diputada federal Nora Escamilla y el legislador To\u00f1o L\u00f3pez, ha expresado su oposici\u00f3n a la reforma, al advertir que reducir o eliminar posiciones de representaci\u00f3n proporcional afectar\u00eda la pluralidad y la participaci\u00f3n de minor\u00edas.<\/p>\n<p>En el caso de Puebla, la reforma implicar\u00eda la disminuci\u00f3n de ocho de las 15 diputaciones de representaci\u00f3n proporcional en el Congreso local<\/p>\n","protected":false},"excerpt":{"rendered":"<p>El gobernador de Puebla, Alejandro Armenta, manifest\u00f3 su respaldo a la reforma electoral presentada por la presidenta Claudia Sheinbaum, aunque subray\u00f3 que ser\u00e1 el Congreso de la Uni\u00f3n el encargado de analizar y, en su caso, aprobar la iniciativa. \u201cLa presidenta ya present\u00f3 la iniciativa y en lo personal la respaldo. Todos los cargos de [&hellip;]<\/p>\n","protected":false},"author":179,"featured_media":485123,"comment_status":"open","ping_status":"open","sticky":false,"template":"","format":"standard","meta":{"footnotes":""},"categories":[72262,3],"tags":[],"yst_prominent_words":[33273,29787,29567,31758,33289,30361,30658,30087,29562,30723,30656,30645,32966],"class_list":["post-485122","post","type-post","status-publish","format-standard","has-post-thumbnail","hentry","category-gobierno","category-puebla"],"_links":{"self":[{"href":"https:\/\/sintesis.com.mx\/puebla\/wp-json\/wp\/v2\/posts\/485122"}],"collection":[{"href":"https:\/\/sintesis.com.mx\/puebla\/wp-json\/wp\/v2\/posts"}],"about":[{"href":"https:\/\/sintesis.com.mx\/puebla\/wp-json\/wp\/v2\/types\/post"}],"author":[{"embeddable":true,"href":"https:\/\/sintesis.com.mx\/puebla\/wp-json\/wp\/v2\/users\/179"}],"replies":[{"embeddable":true,"href":"https:\/\/sintesis.com.mx\/puebla\/wp-json\/wp\/v2\/comments?post=485122"}],"version-history":[{"count":1,"href":"https:\/\/sintesis.com.mx\/puebla\/wp-json\/wp\/v2\/posts\/485122\/revisions"}],"predecessor-version":[{"id":485124,"href":"https:\/\/sintesis.com.mx\/puebla\/wp-json\/wp\/v2\/posts\/485122\/revisions\/485124"}],"wp:featuredmedia":[{"embeddable":true,"href":"https:\/\/sintesis.com.mx\/puebla\/wp-json\/wp\/v2\/media\/485123"}],"wp:attachment":[{"href":"https:\/\/sintesis.com.mx\/puebla\/wp-json\/wp\/v2\/media?parent=485122"}],"wp:term":[{"taxonomy":"category","embeddable":true,"href":"https:\/\/sintesis.com.mx\/puebla\/wp-json\/wp\/v2\/categories?post=485122"},{"taxonomy":"post_tag","embeddable":true,"href":"https:\/\/sintesis.com.mx\/puebla\/wp-json\/wp\/v2\/tags?post=485122"},{"taxonomy":"yst_prominent_words","embeddable":true,"href":"https:\/\/sintesis.com.mx\/puebla\/wp-json\/wp\/v2\/yst_prominent_words?post=485122"}],"curies":[{"name":"wp","href":"https:\/\/api.w.org\/{rel}","templated":true}]}}