{"id":485274,"date":"2026-03-05T07:44:59","date_gmt":"2026-03-05T13:44:59","guid":{"rendered":"https:\/\/sintesis.com.mx\/puebla\/?p=485274"},"modified":"2026-03-05T07:44:59","modified_gmt":"2026-03-05T13:44:59","slug":"485274","status":"publish","type":"post","link":"https:\/\/sintesis.com.mx\/puebla\/2026\/03\/05\/485274\/","title":{"rendered":"\u201cEl Puebla es de los poblanos, no un negocio leonino\u201d: Armenta"},"content":{"rendered":"<p>El gobernador de Puebla, Alejandro Armenta, afirm\u00f3 que <strong>el Club Puebla pertenece a la afici\u00f3n y no debe convertirse en un negocio que afecte al equipo<\/strong>, al ser cuestionado sobre la posibilidad de cambios en su propiedad.<\/p>\n<p>Sus declaraciones surgen luego de que trascendiera que<strong> el empresario Jos\u00e9 Luis Bejos, actual due\u00f1o de los Pericos de Puebla, estar\u00eda interesado en adquirir al Atlas FC.<\/strong><\/p>\n<p>Actualmente, el Club Puebla tiene como propietario y presidente a Manuel Jim\u00e9nez, aunque tambi\u00e9n se le ha relacionado con el empresario Ricardo Salinas Pliego, due\u00f1o de TV Azteca.<\/p>\n<p>Al respecto, Armenta se\u00f1al\u00f3 que, m\u00e1s all\u00e1 de qui\u00e9n sea el due\u00f1o, \u00e9l seguir\u00e1 apoyando al conjunto poblano.<\/p>\n<p>\u201cYo le voy al Puebla, aunque aprenda. Y le voy al Puebla, aunque sea del se\u00f1or que debe. Yo le voy al Puebla\u201d, expres\u00f3.<\/p>\n<p><strong>El mandatario sostuvo que la escuadra poblana forma parte de la identidad de la afici\u00f3n y consider\u00f3 que debe dejar de verse \u00fanicamente como un negocio.<\/strong><\/p>\n<p>\u201cNo importa que sea de quien sea, la empresa, el Puebla es los poblanos como equipo, aunque no se apliquen. No me refiero a los jugadores y no me refiero al cuerpo t\u00e9cnico. Quiero dejar muy claro, ellos hacen su mejor esfuerzo. Y los felicito\u201d,<strong> expres\u00f3.<\/strong><\/p>\n<p>A\u00f1adi\u00f3 que cuando la instituci\u00f3n deje de manejarse como un \u201cnegocio leonino\u201d y se priorice el proyecto deportivo, podr\u00eda volver a etapas exitosas como las que vivi\u00f3 en tiempos del \u201cCapi\u201d Ruiz Esparza.<\/p>\n<p><strong>Finalmente, se\u00f1al\u00f3<\/strong> que mientras el club sea tratado principalmente como un espacio de compra y venta de \u201cpiernas\u201d, ser\u00e1 complicado que recupere los resultados que la afici\u00f3n espera.<\/p>\n","protected":false},"excerpt":{"rendered":"<p>El gobernador de Puebla, Alejandro Armenta, afirm\u00f3 que el Club Puebla pertenece a la afici\u00f3n y no debe convertirse en un negocio que afecte al equipo, al ser cuestionado sobre la posibilidad de cambios en su propiedad. Sus declaraciones surgen luego de que trascendiera que el empresario Jos\u00e9 Luis Bejos, actual due\u00f1o de los Pericos [&hellip;]<\/p>\n","protected":false},"author":179,"featured_media":485275,"comment_status":"open","ping_status":"open","sticky":false,"template":"","format":"standard","meta":{"footnotes":""},"categories":[3],"tags":[1450,179,41,65,27,8254,156,18,23,8253,20668,40526],"yst_prominent_words":[39266,33273,31296,31291,30833,44920,35943,30831,31618,29565,30426,29562,52748,31548],"class_list":["post-485274","post","type-post","status-publish","format-standard","has-post-thumbnail","hentry","category-puebla","tag-alejandro-armenta","tag-club-puebla","tag-es-noticia","tag-esnoticia","tag-hoyesnoticia","tag-hoyesnoticiaapp","tag-pericos-de-puebla","tag-puebla","tag-slide","tag-slideapp","tag-slider","tag-sliderapp"],"_links":{"self":[{"href":"https:\/\/sintesis.com.mx\/puebla\/wp-json\/wp\/v2\/posts\/485274"}],"collection":[{"href":"https:\/\/sintesis.com.mx\/puebla\/wp-json\/wp\/v2\/posts"}],"about":[{"href":"https:\/\/sintesis.com.mx\/puebla\/wp-json\/wp\/v2\/types\/post"}],"author":[{"embeddable":true,"href":"https:\/\/sintesis.com.mx\/puebla\/wp-json\/wp\/v2\/users\/179"}],"replies":[{"embeddable":true,"href":"https:\/\/sintesis.com.mx\/puebla\/wp-json\/wp\/v2\/comments?post=485274"}],"version-history":[{"count":1,"href":"https:\/\/sintesis.com.mx\/puebla\/wp-json\/wp\/v2\/posts\/485274\/revisions"}],"predecessor-version":[{"id":485276,"href":"https:\/\/sintesis.com.mx\/puebla\/wp-json\/wp\/v2\/posts\/485274\/revisions\/485276"}],"wp:featuredmedia":[{"embeddable":true,"href":"https:\/\/sintesis.com.mx\/puebla\/wp-json\/wp\/v2\/media\/485275"}],"wp:attachment":[{"href":"https:\/\/sintesis.com.mx\/puebla\/wp-json\/wp\/v2\/media?parent=485274"}],"wp:term":[{"taxonomy":"category","embeddable":true,"href":"https:\/\/sintesis.com.mx\/puebla\/wp-json\/wp\/v2\/categories?post=485274"},{"taxonomy":"post_tag","embeddable":true,"href":"https:\/\/sintesis.com.mx\/puebla\/wp-json\/wp\/v2\/tags?post=485274"},{"taxonomy":"yst_prominent_words","embeddable":true,"href":"https:\/\/sintesis.com.mx\/puebla\/wp-json\/wp\/v2\/yst_prominent_words?post=485274"}],"curies":[{"name":"wp","href":"https:\/\/api.w.org\/{rel}","templated":true}]}}