{"id":485398,"date":"2026-03-06T18:47:13","date_gmt":"2026-03-07T00:47:13","guid":{"rendered":"https:\/\/sintesis.com.mx\/puebla\/?p=485398"},"modified":"2026-03-06T18:47:13","modified_gmt":"2026-03-07T00:47:13","slug":"alertan-la-ibero-puebla-plan-b-electoral-especialistas-ven-riesgo-colapso-ine","status":"publish","type":"post","link":"https:\/\/sintesis.com.mx\/puebla\/2026\/03\/06\/alertan-la-ibero-puebla-plan-b-electoral-especialistas-ven-riesgo-colapso-ine\/","title":{"rendered":"Alertan en la Ibero Puebla sobre \u00abPlan B\u00bb electoral: especialistas ven riesgo de colapso en el INE"},"content":{"rendered":"<p>Durante una mesa de an\u00e1lisis en la Universidad Iberoamericana Puebla, expertos en materia electoral lanzaron una advertencia sobre el futuro de la democracia en M\u00e9xico. Exconsejeros del IFE e INE, como Mar\u00eda Marv\u00e1n, Arturo S\u00e1nchez, Alfredo Figueroa y Mariana Calder\u00f3n, coincidieron en que la reforma enviada por el Ejecutivo federal presenta errores de redacci\u00f3n y vac\u00edos legales que podr\u00edan forzar la implementaci\u00f3n de un \u00abPlan B\u00bb legislativo.<\/p>\n<p>Mar\u00eda Marv\u00e1n detall\u00f3 que el documento carece de argumentos que garanticen la legalidad y, por el contrario, fomenta la opacidad al blindar a los actores pol\u00edticos en la rendici\u00f3n de cuentas sobre sus gastos de campa\u00f1a. Adem\u00e1s, critic\u00f3 la reducci\u00f3n de tiempos oficiales en radio y televisi\u00f3n, se\u00f1alando que el ajuste solo beneficia la propaganda gubernamental en detrimento de la equidad para los partidos pol\u00edticos.<\/p>\n<p>Por su parte, Alfredo Figueroa alert\u00f3 que la propuesta de reducir el Senado de 128 a 96 esca\u00f1os carece de justificaci\u00f3n t\u00e9cnica y parece dise\u00f1ada para consolidar una mayor\u00eda calificada para el partido en el poder. Asimismo, se\u00f1al\u00f3 que el nuevo modelo para elegir las 200 diputaciones plurinominales es ambiguo, pues no define cuotas claras para sectores vulnerables o la comunidad migrante.<\/p>\n<p>La especialista Mariana Calder\u00f3n explic\u00f3 que la reforma cae en contradicciones sist\u00e9micas, ya que incluye cl\u00e1usulas que permitir\u00edan invalidar lo establecido si se considera inconstitucional, lo que abre la puerta a una ruptura temporal con los aliados de Morena (PT y Verde). Esto, advirti\u00f3, dar\u00eda pie a que la presidenta presente un modelo alterno ajustado a conveniencia del Ejecutivo mediante modificaciones a leyes secundarias.<\/p>\n<p>Finalmente, Arturo S\u00e1nchez lament\u00f3 que se pretenda imponer una carga de trabajo \u00abtit\u00e1nica\u00bb al INE mientras se le recorta el presupuesto y se le exige fiscalizar a todos los candidatos en un tiempo r\u00e9cord de 40 d\u00edas.<\/p>\n","protected":false},"excerpt":{"rendered":"<p>Durante una mesa de an\u00e1lisis en la Universidad Iberoamericana Puebla, expertos en materia electoral lanzaron una advertencia sobre el futuro de la democracia en M\u00e9xico. Exconsejeros del IFE e INE, como Mar\u00eda Marv\u00e1n, Arturo S\u00e1nchez, Alfredo Figueroa y Mariana Calder\u00f3n, coincidieron en que la reforma enviada por el Ejecutivo federal presenta errores de redacci\u00f3n y [&hellip;]<\/p>\n","protected":false},"author":180,"featured_media":485399,"comment_status":"open","ping_status":"open","sticky":false,"template":"","format":"standard","meta":{"footnotes":""},"categories":[72262,84655,3],"tags":[41,65,27,8254,18,23,8253,20668,40526],"yst_prominent_words":[41662,37541,32485,32165,34554,29565,32766,61087,34014,37754,30723,29574],"class_list":["post-485398","post","type-post","status-publish","format-standard","has-post-thumbnail","hentry","category-gobierno","category-politica","category-puebla","tag-es-noticia","tag-esnoticia","tag-hoyesnoticia","tag-hoyesnoticiaapp","tag-puebla","tag-slide","tag-slideapp","tag-slider","tag-sliderapp"],"_links":{"self":[{"href":"https:\/\/sintesis.com.mx\/puebla\/wp-json\/wp\/v2\/posts\/485398"}],"collection":[{"href":"https:\/\/sintesis.com.mx\/puebla\/wp-json\/wp\/v2\/posts"}],"about":[{"href":"https:\/\/sintesis.com.mx\/puebla\/wp-json\/wp\/v2\/types\/post"}],"author":[{"embeddable":true,"href":"https:\/\/sintesis.com.mx\/puebla\/wp-json\/wp\/v2\/users\/180"}],"replies":[{"embeddable":true,"href":"https:\/\/sintesis.com.mx\/puebla\/wp-json\/wp\/v2\/comments?post=485398"}],"version-history":[{"count":1,"href":"https:\/\/sintesis.com.mx\/puebla\/wp-json\/wp\/v2\/posts\/485398\/revisions"}],"predecessor-version":[{"id":485400,"href":"https:\/\/sintesis.com.mx\/puebla\/wp-json\/wp\/v2\/posts\/485398\/revisions\/485400"}],"wp:featuredmedia":[{"embeddable":true,"href":"https:\/\/sintesis.com.mx\/puebla\/wp-json\/wp\/v2\/media\/485399"}],"wp:attachment":[{"href":"https:\/\/sintesis.com.mx\/puebla\/wp-json\/wp\/v2\/media?parent=485398"}],"wp:term":[{"taxonomy":"category","embeddable":true,"href":"https:\/\/sintesis.com.mx\/puebla\/wp-json\/wp\/v2\/categories?post=485398"},{"taxonomy":"post_tag","embeddable":true,"href":"https:\/\/sintesis.com.mx\/puebla\/wp-json\/wp\/v2\/tags?post=485398"},{"taxonomy":"yst_prominent_words","embeddable":true,"href":"https:\/\/sintesis.com.mx\/puebla\/wp-json\/wp\/v2\/yst_prominent_words?post=485398"}],"curies":[{"name":"wp","href":"https:\/\/api.w.org\/{rel}","templated":true}]}}