{"id":486299,"date":"2026-03-18T18:38:58","date_gmt":"2026-03-19T00:38:58","guid":{"rendered":"https:\/\/sintesis.com.mx\/puebla\/?p=486299"},"modified":"2026-03-18T18:38:58","modified_gmt":"2026-03-19T00:38:58","slug":"rostros-cubiertos-comerciantes-del-mercado-morelos-denuncian-extorsiones","status":"publish","type":"post","link":"https:\/\/sintesis.com.mx\/puebla\/2026\/03\/18\/rostros-cubiertos-comerciantes-del-mercado-morelos-denuncian-extorsiones\/","title":{"rendered":"Con rostros cubiertos, comerciantes del Mercado Morelos denuncian extorsiones"},"content":{"rendered":"<p>Un grupo de comerciantes del Mercado Morelos realiz\u00f3 una manifestaci\u00f3n la tarde de este mi\u00e9rcoles para denunciar que el cobro de \u201cderecho de piso\u201d contin\u00faa dentro del centro de abasto, a pesar de los operativos recientes realizados por autoridades estatales.<\/p>\n<p>Alrededor de un centenar de personas, la mayor\u00eda con el rostro cubierto, se congreg\u00f3 en las inmediaciones del mercado, ubicado al norte de la ciudad de Puebla, donde se\u00f1alaron que las exigencias econ\u00f3micas a comerciantes seguir\u00edan vigentes y alcanzar\u00edan montos de hasta 20 mil pesos.<\/p>\n<p>Durante la movilizaci\u00f3n, los inconformes afirmaron que esa misma tarde fueron retirados cuatro presuntos responsables de realizar estas exigencias; sin embargo, hasta el momento ninguna autoridad ha confirmado si dichas personas fueron detenidas o puestas a disposici\u00f3n del Ministerio P\u00fablico.<\/p>\n<blockquote class=\"twitter-tweet\" data-media-max-width=\"560\">\n<p dir=\"ltr\" lang=\"es\">Comerciantes se manifiestan afuera del Mercado Morelos, para solicitar a las autoridades que frenen las extorsiones de las que han sido v\u00edctimas desde hace a\u00f1os. <a href=\"https:\/\/t.co\/ZAYgCvt18U\">pic.twitter.com\/ZAYgCvt18U<\/a><\/p>\n<p>\u2014 S\u00edntesis Puebla (@sintesisweb) <a href=\"https:\/\/twitter.com\/sintesisweb\/status\/2034384243837563335?ref_src=twsrc%5Etfw\">March 18, 2026<\/a><\/p><\/blockquote>\n<p><script async src=\"https:\/\/platform.twitter.com\/widgets.js\" charset=\"utf-8\"><\/script><\/p>\n<p>Los manifestantes tambi\u00e9n portaban pancartas dirigidas al gobernador Alejandro Armenta, en las que solicitaron la intervenci\u00f3n del gobierno estatal para restablecer el orden en el centro de abasto, al se\u00f1alar que las actividades comerciales contin\u00faan bajo presi\u00f3n de grupos delictivos.<\/p>\n<p>La protesta ocurre d\u00edas despu\u00e9s de que autoridades informaran la detenci\u00f3n de nueve presuntos integrantes de La Familia Michoacana, se\u00f1alados de operar diversas actividades il\u00edcitas dentro del mercado. De forma extraoficial se indic\u00f3 que la movilizaci\u00f3n podr\u00eda estar relacionada con intentos por frenar cateos y acciones ministeriales en la zona.<\/p>\n<p>La semana pasada tambi\u00e9n se registr\u00f3 una manifestaci\u00f3n similar en los alrededores de la 46 Norte y la carretera federal a Tehuac\u00e1n, luego de la captura de Nayeli N., identificada por autoridades como presunta operadora de esa c\u00e9lula delictiva y se\u00f1alada de organizar movilizaciones entre comerciantes.<\/p>\n","protected":false},"excerpt":{"rendered":"<p>Un grupo de comerciantes del Mercado Morelos realiz\u00f3 una manifestaci\u00f3n la tarde de este mi\u00e9rcoles para denunciar que el cobro de \u201cderecho de piso\u201d contin\u00faa dentro del centro de abasto, a pesar de los operativos recientes realizados por autoridades estatales. Alrededor de un centenar de personas, la mayor\u00eda con el rostro cubierto, se congreg\u00f3 en [&hellip;]<\/p>\n","protected":false},"author":181,"featured_media":486300,"comment_status":"open","ping_status":"open","sticky":false,"template":"","format":"standard","meta":{"footnotes":""},"categories":[1285,3],"tags":[65,27,8254,1286,18,490,8253,20668,40526],"yst_prominent_words":[37199,30064,29658,29724,40490,31441,33851,33874,33556,60599,32249,29681,52895,29562,32659],"class_list":["post-486299","post","type-post","status-publish","format-standard","has-post-thumbnail","hentry","category-justicia","category-puebla","tag-esnoticia","tag-hoyesnoticia","tag-hoyesnoticiaapp","tag-justicia","tag-puebla","tag-seguridad","tag-slideapp","tag-slider","tag-sliderapp"],"_links":{"self":[{"href":"https:\/\/sintesis.com.mx\/puebla\/wp-json\/wp\/v2\/posts\/486299"}],"collection":[{"href":"https:\/\/sintesis.com.mx\/puebla\/wp-json\/wp\/v2\/posts"}],"about":[{"href":"https:\/\/sintesis.com.mx\/puebla\/wp-json\/wp\/v2\/types\/post"}],"author":[{"embeddable":true,"href":"https:\/\/sintesis.com.mx\/puebla\/wp-json\/wp\/v2\/users\/181"}],"replies":[{"embeddable":true,"href":"https:\/\/sintesis.com.mx\/puebla\/wp-json\/wp\/v2\/comments?post=486299"}],"version-history":[{"count":1,"href":"https:\/\/sintesis.com.mx\/puebla\/wp-json\/wp\/v2\/posts\/486299\/revisions"}],"predecessor-version":[{"id":486301,"href":"https:\/\/sintesis.com.mx\/puebla\/wp-json\/wp\/v2\/posts\/486299\/revisions\/486301"}],"wp:featuredmedia":[{"embeddable":true,"href":"https:\/\/sintesis.com.mx\/puebla\/wp-json\/wp\/v2\/media\/486300"}],"wp:attachment":[{"href":"https:\/\/sintesis.com.mx\/puebla\/wp-json\/wp\/v2\/media?parent=486299"}],"wp:term":[{"taxonomy":"category","embeddable":true,"href":"https:\/\/sintesis.com.mx\/puebla\/wp-json\/wp\/v2\/categories?post=486299"},{"taxonomy":"post_tag","embeddable":true,"href":"https:\/\/sintesis.com.mx\/puebla\/wp-json\/wp\/v2\/tags?post=486299"},{"taxonomy":"yst_prominent_words","embeddable":true,"href":"https:\/\/sintesis.com.mx\/puebla\/wp-json\/wp\/v2\/yst_prominent_words?post=486299"}],"curies":[{"name":"wp","href":"https:\/\/api.w.org\/{rel}","templated":true}]}}