{"id":486398,"date":"2026-03-20T13:11:46","date_gmt":"2026-03-20T19:11:46","guid":{"rendered":"https:\/\/sintesis.com.mx\/puebla\/?p=486398"},"modified":"2026-03-20T13:11:46","modified_gmt":"2026-03-20T19:11:46","slug":"gobierno-puebla-impulsa-5","status":"publish","type":"post","link":"https:\/\/sintesis.com.mx\/puebla\/2026\/03\/20\/gobierno-puebla-impulsa-5\/","title":{"rendered":"Gobierno de Puebla impulsa acciones para atender el abasto de agua"},"content":{"rendered":"<p><strong> <img loading=\"lazy\" decoding=\"async\" class=\"size-medium wp-image-486404 alignleft\" src=\"https:\/\/sintesis.com.mx\/puebla\/wp-content\/uploads\/2026\/03\/WhatsApp-Image-2026-03-20-at-12.56.52-PM-300x225.jpeg\" alt=\"\" width=\"300\" height=\"225\" srcset=\"https:\/\/sintesis.com.mx\/puebla\/wp-content\/uploads\/2026\/03\/WhatsApp-Image-2026-03-20-at-12.56.52-PM-300x225.jpeg 300w, https:\/\/sintesis.com.mx\/puebla\/wp-content\/uploads\/2026\/03\/WhatsApp-Image-2026-03-20-at-12.56.52-PM-1024x768.jpeg 1024w, https:\/\/sintesis.com.mx\/puebla\/wp-content\/uploads\/2026\/03\/WhatsApp-Image-2026-03-20-at-12.56.52-PM-768x576.jpeg 768w, https:\/\/sintesis.com.mx\/puebla\/wp-content\/uploads\/2026\/03\/WhatsApp-Image-2026-03-20-at-12.56.52-PM-80x60.jpeg 80w, https:\/\/sintesis.com.mx\/puebla\/wp-content\/uploads\/2026\/03\/WhatsApp-Image-2026-03-20-at-12.56.52-PM-265x198.jpeg 265w, https:\/\/sintesis.com.mx\/puebla\/wp-content\/uploads\/2026\/03\/WhatsApp-Image-2026-03-20-at-12.56.52-PM-696x522.jpeg 696w, https:\/\/sintesis.com.mx\/puebla\/wp-content\/uploads\/2026\/03\/WhatsApp-Image-2026-03-20-at-12.56.52-PM-1068x801.jpeg 1068w, https:\/\/sintesis.com.mx\/puebla\/wp-content\/uploads\/2026\/03\/WhatsApp-Image-2026-03-20-at-12.56.52-PM-560x420.jpeg 560w, https:\/\/sintesis.com.mx\/puebla\/wp-content\/uploads\/2026\/03\/WhatsApp-Image-2026-03-20-at-12.56.52-PM.jpeg 1280w\" sizes=\"(max-width: 300px) 100vw, 300px\" \/>El gobierno de Puebla impulsa acciones para atender el servicio de agua en distintas zonas del estado<\/strong>, inform\u00f3 la secretaria de Bienestar, <strong>Laura Artemisa Garc\u00eda Ch\u00e1vez<\/strong>, durante un encuentro con madres y padres de familia en el Centro Educativo Amalucan.<\/p>\n<p>En la reuni\u00f3n, donde participaron integrantes del Bachillerato Jos\u00e9 Luis Rodr\u00edguez Alconedo, el preescolar Kabah y la primaria Vicente Lombardo Toledano, la funcionaria escuch\u00f3 las inquietudes de la comunidad, principalmente relacionadas con el suministro y costo del servicio.<\/p>\n<p>Como parte de las medidas para atender esta situaci\u00f3n, record\u00f3 que<strong> el gobernador Alejandro Armenta anunci\u00f3 la adquisici\u00f3n de 15 pipas<\/strong>, las cuales ser\u00e1n destinadas a reforzar el abastecimiento en colonias con mayor necesidad.<img loading=\"lazy\" decoding=\"async\" class=\"size-medium wp-image-486400 alignright\" src=\"https:\/\/sintesis.com.mx\/puebla\/wp-content\/uploads\/2026\/03\/WhatsApp-Image-2026-03-20-at-12.56.53-PM-2-300x225.jpeg\" alt=\"\" width=\"300\" height=\"225\" srcset=\"https:\/\/sintesis.com.mx\/puebla\/wp-content\/uploads\/2026\/03\/WhatsApp-Image-2026-03-20-at-12.56.53-PM-2-300x225.jpeg 300w, https:\/\/sintesis.com.mx\/puebla\/wp-content\/uploads\/2026\/03\/WhatsApp-Image-2026-03-20-at-12.56.53-PM-2-1024x768.jpeg 1024w, https:\/\/sintesis.com.mx\/puebla\/wp-content\/uploads\/2026\/03\/WhatsApp-Image-2026-03-20-at-12.56.53-PM-2-768x576.jpeg 768w, https:\/\/sintesis.com.mx\/puebla\/wp-content\/uploads\/2026\/03\/WhatsApp-Image-2026-03-20-at-12.56.53-PM-2-80x60.jpeg 80w, https:\/\/sintesis.com.mx\/puebla\/wp-content\/uploads\/2026\/03\/WhatsApp-Image-2026-03-20-at-12.56.53-PM-2-265x198.jpeg 265w, https:\/\/sintesis.com.mx\/puebla\/wp-content\/uploads\/2026\/03\/WhatsApp-Image-2026-03-20-at-12.56.53-PM-2-696x522.jpeg 696w, https:\/\/sintesis.com.mx\/puebla\/wp-content\/uploads\/2026\/03\/WhatsApp-Image-2026-03-20-at-12.56.53-PM-2-1068x801.jpeg 1068w, https:\/\/sintesis.com.mx\/puebla\/wp-content\/uploads\/2026\/03\/WhatsApp-Image-2026-03-20-at-12.56.53-PM-2-560x420.jpeg 560w, https:\/\/sintesis.com.mx\/puebla\/wp-content\/uploads\/2026\/03\/WhatsApp-Image-2026-03-20-at-12.56.53-PM-2.jpeg 1280w\" sizes=\"(max-width: 300px) 100vw, 300px\" \/><\/p>\n<p>Explic\u00f3 que esta estrategia se implementar\u00e1 de manera coordinada entre la Secretar\u00eda de Bienestar, la Secretar\u00eda de Infraestructura y el Ayuntamiento de Puebla, con el objetivo de garantizar el acceso al agua para la poblaci\u00f3n.<\/p>\n<p>Adem\u00e1s, inform\u00f3 que <strong>el Programa de Obra Comunitaria contar\u00e1 este a\u00f1o con un presupuesto de mil 500 millones de pesos.<\/strong><\/p>\n<p>Destac\u00f3 que este esquema contempla la participaci\u00f3n directa de la ciudadan\u00eda, especialmente de mujeres, quienes asumir\u00e1n el papel de tesoreras para la administraci\u00f3n de los recursos, con el fin de asegurar que los proyectos respondan a las necesidades de cada comunidad.<\/p>\n<p>En este encuentro,<strong> tambi\u00e9n se llev\u00f3 a cabo una jornada de vacunaci\u00f3n contra el sarampi\u00f3n en beneficio de la comunidad escolar.<\/strong><\/p>\n","protected":false},"excerpt":{"rendered":"<p>El gobierno de Puebla impulsa acciones para atender el servicio de agua en distintas zonas del estado, inform\u00f3 la secretaria de Bienestar, Laura Artemisa Garc\u00eda Ch\u00e1vez, durante un encuentro con madres y padres de familia en el Centro Educativo Amalucan. En la reuni\u00f3n, donde participaron integrantes del Bachillerato Jos\u00e9 Luis Rodr\u00edguez Alconedo, el preescolar Kabah [&hellip;]<\/p>\n","protected":false},"author":179,"featured_media":486404,"comment_status":"open","ping_status":"open","sticky":false,"template":"","format":"standard","meta":{"footnotes":""},"categories":[72262,3],"tags":[6418,41,65,3298,27,8254,18,23,8253,20668,40526],"yst_prominent_words":[31030,32188,31637,32350,32601,29707,29562,29660,30702],"class_list":["post-486398","post","type-post","status-publish","format-standard","has-post-thumbnail","hentry","category-gobierno","category-puebla","tag-abasto-de-agua","tag-es-noticia","tag-esnoticia","tag-gobierno","tag-hoyesnoticia","tag-hoyesnoticiaapp","tag-puebla","tag-slide","tag-slideapp","tag-slider","tag-sliderapp"],"_links":{"self":[{"href":"https:\/\/sintesis.com.mx\/puebla\/wp-json\/wp\/v2\/posts\/486398"}],"collection":[{"href":"https:\/\/sintesis.com.mx\/puebla\/wp-json\/wp\/v2\/posts"}],"about":[{"href":"https:\/\/sintesis.com.mx\/puebla\/wp-json\/wp\/v2\/types\/post"}],"author":[{"embeddable":true,"href":"https:\/\/sintesis.com.mx\/puebla\/wp-json\/wp\/v2\/users\/179"}],"replies":[{"embeddable":true,"href":"https:\/\/sintesis.com.mx\/puebla\/wp-json\/wp\/v2\/comments?post=486398"}],"version-history":[{"count":1,"href":"https:\/\/sintesis.com.mx\/puebla\/wp-json\/wp\/v2\/posts\/486398\/revisions"}],"predecessor-version":[{"id":486405,"href":"https:\/\/sintesis.com.mx\/puebla\/wp-json\/wp\/v2\/posts\/486398\/revisions\/486405"}],"wp:featuredmedia":[{"embeddable":true,"href":"https:\/\/sintesis.com.mx\/puebla\/wp-json\/wp\/v2\/media\/486404"}],"wp:attachment":[{"href":"https:\/\/sintesis.com.mx\/puebla\/wp-json\/wp\/v2\/media?parent=486398"}],"wp:term":[{"taxonomy":"category","embeddable":true,"href":"https:\/\/sintesis.com.mx\/puebla\/wp-json\/wp\/v2\/categories?post=486398"},{"taxonomy":"post_tag","embeddable":true,"href":"https:\/\/sintesis.com.mx\/puebla\/wp-json\/wp\/v2\/tags?post=486398"},{"taxonomy":"yst_prominent_words","embeddable":true,"href":"https:\/\/sintesis.com.mx\/puebla\/wp-json\/wp\/v2\/yst_prominent_words?post=486398"}],"curies":[{"name":"wp","href":"https:\/\/api.w.org\/{rel}","templated":true}]}}