{"id":487384,"date":"2026-04-02T11:48:47","date_gmt":"2026-04-02T17:48:47","guid":{"rendered":"https:\/\/sintesis.com.mx\/puebla\/?p=487384"},"modified":"2026-04-02T11:48:47","modified_gmt":"2026-04-02T17:48:47","slug":"rehabilitan-salon-usos","status":"publish","type":"post","link":"https:\/\/sintesis.com.mx\/puebla\/2026\/04\/02\/rehabilitan-salon-usos\/","title":{"rendered":"Rehabilitan sal\u00f3n de usos m\u00faltiples del Cuexcomate despu\u00e9s de 47 a\u00f1os"},"content":{"rendered":"<p><strong>El sal\u00f3n de usos m\u00faltiples del mercado El Cuexcomate<\/strong>, ubicado en la junta auxiliar de La Libertad, <strong>fue rehabilitado despu\u00e9s de 47 a\u00f1os sin intervenci\u00f3n<\/strong>, como parte del Programa de Obra Comunitaria en Puebla.<\/p>\n<p>La secretaria de Bienestar, Laura Artemisa Garc\u00eda Ch\u00e1vez, destac\u00f3 que <strong>este proyecto se logr\u00f3 mediante la coordinaci\u00f3n entre ciudadan\u00eda y gobierno<\/strong>, bajo un esquema en el que la poblaci\u00f3n define las obras prioritarias y administra los recursos.<\/p>\n<p>Explic\u00f3 que este modelo permite atender necesidades espec\u00edficas de cada comunidad, al involucrar directamente a las y los vecinos en la planeaci\u00f3n y ejecuci\u00f3n de los trabajos.<\/p>\n<p>Durante el acto, la funcionaria subray\u00f3 que la participaci\u00f3n social es clave para impulsar acciones que mejoren las condiciones de vida, adem\u00e1s de fomentar la corresponsabilidad en el uso de los recursos p\u00fablicos.<\/p>\n<p><strong>Tambi\u00e9n resalt\u00f3 la participaci\u00f3n de mujeres en la organizaci\u00f3n y toma de decisiones dentro de este tipo de proyectos comunitarios.<\/strong><\/p>\n<p>Por su parte, comerciantes y representantes del lugar reconocieron la intervenci\u00f3n, al se\u00f1alar que durante d\u00e9cadas el espacio permaneci\u00f3 sin mejoras.<\/p>\n<p>Indicaron que ahora el sal\u00f3n podr\u00e1 utilizarse para reuniones y actividades comunitarias, en beneficio de locatarios y habitantes de la zona.<\/p>\n<p>Con esta acci\u00f3n, <strong>el gobierno estatal busca fortalecer el tejido social mediante obras impulsadas desde las propias comunidades.<\/strong><\/p>\n","protected":false},"excerpt":{"rendered":"<p>El sal\u00f3n de usos m\u00faltiples del mercado El Cuexcomate, ubicado en la junta auxiliar de La Libertad, fue rehabilitado despu\u00e9s de 47 a\u00f1os sin intervenci\u00f3n, como parte del Programa de Obra Comunitaria en Puebla. La secretaria de Bienestar, Laura Artemisa Garc\u00eda Ch\u00e1vez, destac\u00f3 que este proyecto se logr\u00f3 mediante la coordinaci\u00f3n entre ciudadan\u00eda y gobierno, [&hellip;]<\/p>\n","protected":false},"author":179,"featured_media":487385,"comment_status":"open","ping_status":"open","sticky":false,"template":"","format":"standard","meta":{"footnotes":""},"categories":[72262,3],"tags":[78027,41,65,3298,27,8254,18,93566,23,8253,20668,40526],"yst_prominent_words":[29786,29993,30220,33079,29825,52318,30413],"class_list":["post-487384","post","type-post","status-publish","format-standard","has-post-thumbnail","hentry","category-gobierno","category-puebla","tag-cuexcomate","tag-es-noticia","tag-esnoticia","tag-gobierno","tag-hoyesnoticia","tag-hoyesnoticiaapp","tag-puebla","tag-salon-de-usos-multiples","tag-slide","tag-slideapp","tag-slider","tag-sliderapp"],"_links":{"self":[{"href":"https:\/\/sintesis.com.mx\/puebla\/wp-json\/wp\/v2\/posts\/487384"}],"collection":[{"href":"https:\/\/sintesis.com.mx\/puebla\/wp-json\/wp\/v2\/posts"}],"about":[{"href":"https:\/\/sintesis.com.mx\/puebla\/wp-json\/wp\/v2\/types\/post"}],"author":[{"embeddable":true,"href":"https:\/\/sintesis.com.mx\/puebla\/wp-json\/wp\/v2\/users\/179"}],"replies":[{"embeddable":true,"href":"https:\/\/sintesis.com.mx\/puebla\/wp-json\/wp\/v2\/comments?post=487384"}],"version-history":[{"count":1,"href":"https:\/\/sintesis.com.mx\/puebla\/wp-json\/wp\/v2\/posts\/487384\/revisions"}],"predecessor-version":[{"id":487386,"href":"https:\/\/sintesis.com.mx\/puebla\/wp-json\/wp\/v2\/posts\/487384\/revisions\/487386"}],"wp:featuredmedia":[{"embeddable":true,"href":"https:\/\/sintesis.com.mx\/puebla\/wp-json\/wp\/v2\/media\/487385"}],"wp:attachment":[{"href":"https:\/\/sintesis.com.mx\/puebla\/wp-json\/wp\/v2\/media?parent=487384"}],"wp:term":[{"taxonomy":"category","embeddable":true,"href":"https:\/\/sintesis.com.mx\/puebla\/wp-json\/wp\/v2\/categories?post=487384"},{"taxonomy":"post_tag","embeddable":true,"href":"https:\/\/sintesis.com.mx\/puebla\/wp-json\/wp\/v2\/tags?post=487384"},{"taxonomy":"yst_prominent_words","embeddable":true,"href":"https:\/\/sintesis.com.mx\/puebla\/wp-json\/wp\/v2\/yst_prominent_words?post=487384"}],"curies":[{"name":"wp","href":"https:\/\/api.w.org\/{rel}","templated":true}]}}