{"id":487419,"date":"2026-04-02T13:04:43","date_gmt":"2026-04-02T19:04:43","guid":{"rendered":"https:\/\/sintesis.com.mx\/puebla\/?p=487419"},"modified":"2026-04-02T13:04:43","modified_gmt":"2026-04-02T19:04:43","slug":"defensa-zaira-desmiente","status":"publish","type":"post","link":"https:\/\/sintesis.com.mx\/puebla\/2026\/04\/02\/defensa-zaira-desmiente\/","title":{"rendered":"Defensa de Zaira A.O. desmiente traslado a prisi\u00f3n; enfrentar\u00e1 proceso en libertad"},"content":{"rendered":"<p>En un giro a la informaci\u00f3n que circul\u00f3 tras la detenci\u00f3n de Zaira A.O., su defensa legal, encabezada por el abogado Francisco Ram\u00edrez Orta, <strong>emiti\u00f3 un comunicado para precisar la situaci\u00f3n jur\u00eddica de la exreina de la Feria de la Manzana.<\/strong><\/p>\n<p>El litigante desminti\u00f3 categ\u00f3ricamente que su representada haya sido trasladada al Centro Penitenciario Femenil de Ciudad Serd\u00e1n, asegurando que Zaira enfrenta su proceso en libertad y bajo resguardo en su propio domicilio.<\/p>\n<p>De acuerdo con el equipo legal, <strong>la captura de la joven el pasado 31 de marzo deriv\u00f3 de presuntas fallas administrativas en el proceso.<\/strong><\/p>\n<p>La defensa argumenta que existen serias inconsistencias sobre su presentaci\u00f3n ante la autoridad, debido a que Zaira no habr\u00eda sido notificada en tiempo y forma sobre la audiencia a la que supuestamente falt\u00f3.<\/p>\n<p>Por esta raz\u00f3n, adelantaron que presentar\u00e1n las pruebas necesarias para demostrar que no hubo voluntad de evadir la justicia, sino una falta de comunicaci\u00f3n oficial.<\/p>\n<p>Respecto al fondo del caso, <strong>el abogado precis\u00f3 que no se trata de un fraude masivo reciente, sino de un litigio civil y jur\u00eddico que lleva varios a\u00f1os en curso relacionado con un inmueble espec\u00edfico.<\/strong><\/p>\n<p>La defensa subray\u00f3 que la actual vinculaci\u00f3n a proceso es \u00fanicamente el inicio de una etapa de investigaci\u00f3n y no una sentencia de culpabilidad, por lo que conf\u00edan en que los elementos probatorios que poseen permitir\u00e1n esclarecer los hechos en favor de su clienta.<\/p>\n<p>Con esta postura, la defensa de Zaira A.O. busca frenar las versiones que se\u00f1alaban un fraude millonario y un encarcelamiento preventivo.<\/p>\n<p><strong>El proceso continuar\u00e1 bajo la lupa de las instancias correspondientes en Zacatl\u00e1n,<\/strong> mientras ambas partes aportan pruebas en un caso que ha captado la atenci\u00f3n de toda la Sierra Norte por el perfil p\u00fablico de la involucrada.<\/p>\n","protected":false},"excerpt":{"rendered":"<p>En un giro a la informaci\u00f3n que circul\u00f3 tras la detenci\u00f3n de Zaira A.O., su defensa legal, encabezada por el abogado Francisco Ram\u00edrez Orta, emiti\u00f3 un comunicado para precisar la situaci\u00f3n jur\u00eddica de la exreina de la Feria de la Manzana. El litigante desminti\u00f3 categ\u00f3ricamente que su representada haya sido trasladada al Centro Penitenciario Femenil [&hellip;]<\/p>\n","protected":false},"author":180,"featured_media":487420,"comment_status":"open","ping_status":"open","sticky":false,"template":"","format":"standard","meta":{"footnotes":""},"categories":[9],"tags":[41,65,27,8254,28,93570,18,23,8253,20668,40526,93569],"yst_prominent_words":[35786,47901,62170,42942,29857,31329],"class_list":["post-487419","post","type-post","status-publish","format-standard","has-post-thumbnail","hentry","category-municipios","tag-es-noticia","tag-esnoticia","tag-hoyesnoticia","tag-hoyesnoticiaapp","tag-municipios","tag-proceso-en-libertad","tag-puebla","tag-slide","tag-slideapp","tag-slider","tag-sliderapp","tag-zaira-a-o"],"_links":{"self":[{"href":"https:\/\/sintesis.com.mx\/puebla\/wp-json\/wp\/v2\/posts\/487419"}],"collection":[{"href":"https:\/\/sintesis.com.mx\/puebla\/wp-json\/wp\/v2\/posts"}],"about":[{"href":"https:\/\/sintesis.com.mx\/puebla\/wp-json\/wp\/v2\/types\/post"}],"author":[{"embeddable":true,"href":"https:\/\/sintesis.com.mx\/puebla\/wp-json\/wp\/v2\/users\/180"}],"replies":[{"embeddable":true,"href":"https:\/\/sintesis.com.mx\/puebla\/wp-json\/wp\/v2\/comments?post=487419"}],"version-history":[{"count":1,"href":"https:\/\/sintesis.com.mx\/puebla\/wp-json\/wp\/v2\/posts\/487419\/revisions"}],"predecessor-version":[{"id":487421,"href":"https:\/\/sintesis.com.mx\/puebla\/wp-json\/wp\/v2\/posts\/487419\/revisions\/487421"}],"wp:featuredmedia":[{"embeddable":true,"href":"https:\/\/sintesis.com.mx\/puebla\/wp-json\/wp\/v2\/media\/487420"}],"wp:attachment":[{"href":"https:\/\/sintesis.com.mx\/puebla\/wp-json\/wp\/v2\/media?parent=487419"}],"wp:term":[{"taxonomy":"category","embeddable":true,"href":"https:\/\/sintesis.com.mx\/puebla\/wp-json\/wp\/v2\/categories?post=487419"},{"taxonomy":"post_tag","embeddable":true,"href":"https:\/\/sintesis.com.mx\/puebla\/wp-json\/wp\/v2\/tags?post=487419"},{"taxonomy":"yst_prominent_words","embeddable":true,"href":"https:\/\/sintesis.com.mx\/puebla\/wp-json\/wp\/v2\/yst_prominent_words?post=487419"}],"curies":[{"name":"wp","href":"https:\/\/api.w.org\/{rel}","templated":true}]}}