{"id":488704,"date":"2026-04-22T14:58:18","date_gmt":"2026-04-22T20:58:18","guid":{"rendered":"https:\/\/sintesis.com.mx\/puebla\/?p=488704"},"modified":"2026-04-22T14:58:18","modified_gmt":"2026-04-22T20:58:18","slug":"omar-munoz-blinda-bienestar","status":"publish","type":"post","link":"https:\/\/sintesis.com.mx\/puebla\/2026\/04\/22\/omar-munoz-blinda-bienestar\/","title":{"rendered":"Omar Mu\u00f1oz blinda el bienestar familiar con entrega hist\u00f3rica de aparatos ortop\u00e9dicos en Cuautlancingo"},"content":{"rendered":"<p>El presidente municipal de Cuautlancingo, Omar Mu\u00f1oz, encabez\u00f3 la entrega de 73 aparatos funcionales,<strong> a fin de transformar la movilidad y autonom\u00eda de personas con discapacidad, una acci\u00f3n que busca impactar directamente en el n\u00facleo familiar.<\/strong><\/p>\n<p>Durante el evento, el edil subray\u00f3 que mejorar el desplazamiento de un ciudadano no es un esfuerzo aislado, sino una pol\u00edtica que eleva la calidad de vida de todo su entorno, fortaleciendo as\u00ed el tejido social de la demarcaci\u00f3n.<\/p>\n<p>Esta jornada forma parte de una estrategia de atenci\u00f3n permanente que, a la fecha, ha logrado dar respuesta a m\u00e1s de 400 familias mediante la gesti\u00f3n de recursos propios y la coordinaci\u00f3n con programas estatales de asistencia.<\/p>\n<p>Por su parte, Tere Alfaro, presidenta del Sistema Municipal DIF, destac\u00f3 que el organismo mantiene las puertas abiertas para identificar y atender las necesidades de quienes enfrentan retos de movilidad limitada en las diversas juntas auxiliares.<\/p>\n<p>El equipo distribuido incluy\u00f3 47 sillas de ruedas para adultos, unidades especiales para ni\u00f1os y pacientes con par\u00e1lisis cerebral, adem\u00e1s de 17 bastones, 6 andaderas y equipo de apoyo ortop\u00e9dico como muletas.<\/p>\n<p>&nbsp;<\/p>\n","protected":false},"excerpt":{"rendered":"<p>El presidente municipal de Cuautlancingo, Omar Mu\u00f1oz, encabez\u00f3 la entrega de 73 aparatos funcionales, a fin de transformar la movilidad y autonom\u00eda de personas con discapacidad, una acci\u00f3n que busca impactar directamente en el n\u00facleo familiar. Durante el evento, el edil subray\u00f3 que mejorar el desplazamiento de un ciudadano no es un esfuerzo aislado, sino [&hellip;]<\/p>\n","protected":false},"author":180,"featured_media":488708,"comment_status":"open","ping_status":"open","sticky":false,"template":"","format":"standard","meta":{"footnotes":""},"categories":[9],"tags":[41,65,27,8254,28,18,23,8253,20668,40526],"yst_prominent_words":[30831,29720,29816],"class_list":["post-488704","post","type-post","status-publish","format-standard","has-post-thumbnail","hentry","category-municipios","tag-es-noticia","tag-esnoticia","tag-hoyesnoticia","tag-hoyesnoticiaapp","tag-municipios","tag-puebla","tag-slide","tag-slideapp","tag-slider","tag-sliderapp"],"_links":{"self":[{"href":"https:\/\/sintesis.com.mx\/puebla\/wp-json\/wp\/v2\/posts\/488704"}],"collection":[{"href":"https:\/\/sintesis.com.mx\/puebla\/wp-json\/wp\/v2\/posts"}],"about":[{"href":"https:\/\/sintesis.com.mx\/puebla\/wp-json\/wp\/v2\/types\/post"}],"author":[{"embeddable":true,"href":"https:\/\/sintesis.com.mx\/puebla\/wp-json\/wp\/v2\/users\/180"}],"replies":[{"embeddable":true,"href":"https:\/\/sintesis.com.mx\/puebla\/wp-json\/wp\/v2\/comments?post=488704"}],"version-history":[{"count":1,"href":"https:\/\/sintesis.com.mx\/puebla\/wp-json\/wp\/v2\/posts\/488704\/revisions"}],"predecessor-version":[{"id":488712,"href":"https:\/\/sintesis.com.mx\/puebla\/wp-json\/wp\/v2\/posts\/488704\/revisions\/488712"}],"wp:featuredmedia":[{"embeddable":true,"href":"https:\/\/sintesis.com.mx\/puebla\/wp-json\/wp\/v2\/media\/488708"}],"wp:attachment":[{"href":"https:\/\/sintesis.com.mx\/puebla\/wp-json\/wp\/v2\/media?parent=488704"}],"wp:term":[{"taxonomy":"category","embeddable":true,"href":"https:\/\/sintesis.com.mx\/puebla\/wp-json\/wp\/v2\/categories?post=488704"},{"taxonomy":"post_tag","embeddable":true,"href":"https:\/\/sintesis.com.mx\/puebla\/wp-json\/wp\/v2\/tags?post=488704"},{"taxonomy":"yst_prominent_words","embeddable":true,"href":"https:\/\/sintesis.com.mx\/puebla\/wp-json\/wp\/v2\/yst_prominent_words?post=488704"}],"curies":[{"name":"wp","href":"https:\/\/api.w.org\/{rel}","templated":true}]}}