{"id":489185,"date":"2026-04-30T14:05:31","date_gmt":"2026-04-30T20:05:31","guid":{"rendered":"https:\/\/sintesis.com.mx\/puebla\/?p=489185"},"modified":"2026-04-30T14:05:31","modified_gmt":"2026-04-30T20:05:31","slug":"yuridia-deslumbro-palenque-la-feria-puebla","status":"publish","type":"post","link":"https:\/\/sintesis.com.mx\/puebla\/2026\/04\/30\/yuridia-deslumbro-palenque-la-feria-puebla\/","title":{"rendered":"Yuridia deslumbr\u00f3 en el Palenque de la Feria de Puebla"},"content":{"rendered":"<p>La madrugada del 30 de abril, Yuridia ofreci\u00f3 un concierto inolvidable en el Palenque de la Feria de Puebla, instalado en el Centro Expositor. El evento, organizado por FM Producciones, logr\u00f3 abarrotar el recinto y consolidarse como uno de los espect\u00e1culos m\u00e1s esperados de la feria. Con un repertorio lleno de \u00e9xitos y una invitada sorpresa, la cantante mexicana conquist\u00f3 al p\u00fablico poblano.<\/p>\n<p>Desde antes de su salida, el ambiente ya estaba encendido. Los asistentes esperaban corear cada uno de sus temas y, al aparecer entre aplausos, Yuridia conect\u00f3 de inmediato con el p\u00fablico. \u201cMuchas gracias a todos por acompa\u00f1arme esta noche, vamos a cantar de todo un poco, no importa que salgamos a las 4 am\u201d, expres\u00f3 la artista, generando ovaciones que se mantuvieron durante toda la velada.<\/p>\n<p>La exintegrante de <em>La Academia<\/em> interpret\u00f3 canciones emblem\u00e1ticas como <em>Maldita primavera<\/em>, <em>Ya te olvid\u00e9<\/em>, <em>Amigos no por favor<\/em> y <em>No lo beses<\/em>. Cada tema fue acompa\u00f1ado por coros masivos, mostrando la complicidad entre la cantante y sus seguidores. Adem\u00e1s, realiz\u00f3 tres cambios de vestuario y estuvo respaldada por nueve m\u00fasicos y cuatro bailarines, lo que dio fuerza visual y sonora al espect\u00e1culo.<\/p>\n<p>Uno de los momentos m\u00e1s memorables lleg\u00f3 cuando Yuridia invit\u00f3 al escenario a Edith M\u00e1rquez. Juntas interpretaron <em>M\u00edrame<\/em>, desatando gritos y aplausos. La respuesta del p\u00fablico fue tan intensa que ambas regresaron para cantar <em>Costumbres<\/em>, generando una ovaci\u00f3n que se convirti\u00f3 en uno de los puntos m\u00e1s altos de la noche.<\/p>\n<p>Al final mantuvo la intensidad con <em>Qu\u00e9 agon\u00eda<\/em>, tema con el que Yuridia concluy\u00f3 su presentaci\u00f3n. Entre aplausos y ovaciones, dej\u00f3 a los asistentes con ganas de m\u00e1s, consolidando una noche que quedar\u00e1 en la memoria de la Feria de Puebla y reafirmando el \u00e9xito rotundo del Palenque bajo la organizaci\u00f3n de FM Producciones.<\/p>\n<div style=\"width: 640px;\" class=\"wp-video\"><!--[if lt IE 9]><script>document.createElement('video');<\/script><![endif]-->\n<video class=\"wp-video-shortcode\" id=\"video-489185-1\" width=\"640\" height=\"360\" preload=\"metadata\" controls=\"controls\"><source type=\"video\/mp4\" src=\"https:\/\/sintesis.com.mx\/puebla\/wp-content\/uploads\/2026\/04\/WhatsApp-Video-2026-04-30-at-1.58.50-PM.mp4?_=1\" \/><a href=\"https:\/\/sintesis.com.mx\/puebla\/wp-content\/uploads\/2026\/04\/WhatsApp-Video-2026-04-30-at-1.58.50-PM.mp4\">https:\/\/sintesis.com.mx\/puebla\/wp-content\/uploads\/2026\/04\/WhatsApp-Video-2026-04-30-at-1.58.50-PM.mp4<\/a><\/video><\/div>\n","protected":false},"excerpt":{"rendered":"<p>La madrugada del 30 de abril, Yuridia ofreci\u00f3 un concierto inolvidable en el Palenque de la Feria de Puebla, instalado en el Centro Expositor. El evento, organizado por FM Producciones, logr\u00f3 abarrotar el recinto y consolidarse como uno de los espect\u00e1culos m\u00e1s esperados de la feria. Con un repertorio lleno de \u00e9xitos y una invitada [&hellip;]<\/p>\n","protected":false},"author":26,"featured_media":489187,"comment_status":"open","ping_status":"open","sticky":false,"template":"","format":"standard","meta":{"footnotes":""},"categories":[6,87370,3],"tags":[41,65,11045,27,18,23,20668,40526,6415],"yst_prominent_words":[46419,29783,31339,30474,37593,65289,30081,63115,31252,29723,29562,30505,31016],"class_list":["post-489185","post","type-post","status-publish","format-standard","has-post-thumbnail","hentry","category-entretenimiento","category-espectaculos","category-puebla","tag-es-noticia","tag-esnoticia","tag-feria-de-puebla","tag-hoyesnoticia","tag-puebla","tag-slide","tag-slider","tag-sliderapp","tag-yuridia"],"_links":{"self":[{"href":"https:\/\/sintesis.com.mx\/puebla\/wp-json\/wp\/v2\/posts\/489185"}],"collection":[{"href":"https:\/\/sintesis.com.mx\/puebla\/wp-json\/wp\/v2\/posts"}],"about":[{"href":"https:\/\/sintesis.com.mx\/puebla\/wp-json\/wp\/v2\/types\/post"}],"author":[{"embeddable":true,"href":"https:\/\/sintesis.com.mx\/puebla\/wp-json\/wp\/v2\/users\/26"}],"replies":[{"embeddable":true,"href":"https:\/\/sintesis.com.mx\/puebla\/wp-json\/wp\/v2\/comments?post=489185"}],"version-history":[{"count":3,"href":"https:\/\/sintesis.com.mx\/puebla\/wp-json\/wp\/v2\/posts\/489185\/revisions"}],"predecessor-version":[{"id":489202,"href":"https:\/\/sintesis.com.mx\/puebla\/wp-json\/wp\/v2\/posts\/489185\/revisions\/489202"}],"wp:featuredmedia":[{"embeddable":true,"href":"https:\/\/sintesis.com.mx\/puebla\/wp-json\/wp\/v2\/media\/489187"}],"wp:attachment":[{"href":"https:\/\/sintesis.com.mx\/puebla\/wp-json\/wp\/v2\/media?parent=489185"}],"wp:term":[{"taxonomy":"category","embeddable":true,"href":"https:\/\/sintesis.com.mx\/puebla\/wp-json\/wp\/v2\/categories?post=489185"},{"taxonomy":"post_tag","embeddable":true,"href":"https:\/\/sintesis.com.mx\/puebla\/wp-json\/wp\/v2\/tags?post=489185"},{"taxonomy":"yst_prominent_words","embeddable":true,"href":"https:\/\/sintesis.com.mx\/puebla\/wp-json\/wp\/v2\/yst_prominent_words?post=489185"}],"curies":[{"name":"wp","href":"https:\/\/api.w.org\/{rel}","templated":true}]}}