{"id":489188,"date":"2026-04-30T13:45:22","date_gmt":"2026-04-30T19:45:22","guid":{"rendered":"https:\/\/sintesis.com.mx\/puebla\/?p=489188"},"modified":"2026-04-30T13:48:05","modified_gmt":"2026-04-30T19:48:05","slug":"armenta-recibe-estafeta-del-tianguis-turistico-2027-puebla","status":"publish","type":"post","link":"https:\/\/sintesis.com.mx\/puebla\/2026\/04\/30\/armenta-recibe-estafeta-del-tianguis-turistico-2027-puebla\/","title":{"rendered":"Armenta recibe estafeta del Tianguis Tur\u00edstico 2027 para Puebla"},"content":{"rendered":"<p><img loading=\"lazy\" decoding=\"async\" class=\"size-medium wp-image-489189 alignleft\" src=\"https:\/\/sintesis.com.mx\/puebla\/wp-content\/uploads\/2026\/04\/efb90d46-0b91-408a-a29b-1aa22809e4d8-300x200.jpg\" alt=\"\" width=\"300\" height=\"200\" srcset=\"https:\/\/sintesis.com.mx\/puebla\/wp-content\/uploads\/2026\/04\/efb90d46-0b91-408a-a29b-1aa22809e4d8-300x200.jpg 300w, https:\/\/sintesis.com.mx\/puebla\/wp-content\/uploads\/2026\/04\/efb90d46-0b91-408a-a29b-1aa22809e4d8-1024x683.jpg 1024w, https:\/\/sintesis.com.mx\/puebla\/wp-content\/uploads\/2026\/04\/efb90d46-0b91-408a-a29b-1aa22809e4d8-768x512.jpg 768w, https:\/\/sintesis.com.mx\/puebla\/wp-content\/uploads\/2026\/04\/efb90d46-0b91-408a-a29b-1aa22809e4d8-696x464.jpg 696w, https:\/\/sintesis.com.mx\/puebla\/wp-content\/uploads\/2026\/04\/efb90d46-0b91-408a-a29b-1aa22809e4d8-1068x713.jpg 1068w, https:\/\/sintesis.com.mx\/puebla\/wp-content\/uploads\/2026\/04\/efb90d46-0b91-408a-a29b-1aa22809e4d8-630x420.jpg 630w, https:\/\/sintesis.com.mx\/puebla\/wp-content\/uploads\/2026\/04\/efb90d46-0b91-408a-a29b-1aa22809e4d8.jpg 1280w\" sizes=\"(max-width: 300px) 100vw, 300px\" \/><\/p>\n<p>El gobernador de Puebla, Alejandro Armenta Mier, recibi\u00f3 la estafeta del Tianguis Tur\u00edstico 2027, con lo que la entidad se confirma como sede de la edici\u00f3n 51 de este encuentro considerado el m\u00e1s importante del sector en M\u00e9xico.<\/p>\n<p>La entrega se realiz\u00f3 en Acapulco, Guerrero, por parte de la secretaria de Turismo del Gobierno de M\u00e9xico, Josefina Rodr\u00edguez Zamora, en un acto donde tambi\u00e9n estuvo presente la gobernadora Evelyn Salgado Pineda.<\/p>\n<p>Tras recibir la designaci\u00f3n, el mandatario estatal asegur\u00f3 que su administraci\u00f3n comenzar\u00e1 los preparativos para garantizar una organizaci\u00f3n a la altura del evento.<\/p>\n<p>\u201cPuebla se viste de gala con esta estafeta del Tianguis Tur\u00edstico 2027, nos vamos a preparar y formaremos una gran comisi\u00f3n para recibirlos como se merecen\u201d, expres\u00f3.<\/p>\n<p>Armenta Mier agradeci\u00f3 la confianza del gobierno federal, encabezado por la presidenta Claudia Sheinbaum, as\u00ed como de la Secretar\u00eda de Turismo, al considerar que esta designaci\u00f3n representa una oportunidad para proyectar a la entidad a nivel nacional e internacional.<\/p>\n<blockquote class=\"twitter-tweet\">\n<p dir=\"ltr\" lang=\"es\">Puebla toma la estafeta del Tianguis Tur\u00edstico 2027. \ud83c\udfdb\ufe0f\u2728 El gobernador Alejandro Armenta la recibi\u00f3 en Acapulco y asegur\u00f3 que el estado se preparar\u00e1 para ser un gran anfitri\u00f3n. \ud83c\udf89 <a href=\"https:\/\/t.co\/Tofm1nkeLs\">pic.twitter.com\/Tofm1nkeLs<\/a><\/p>\n<p>\u2014 S\u00edntesis Puebla (@sintesisweb) <a href=\"https:\/\/twitter.com\/sintesisweb\/status\/2049875725310738687?ref_src=twsrc%5Etfw\">April 30, 2026<\/a><\/p><\/blockquote>\n<p><script async src=\"https:\/\/platform.twitter.com\/widgets.js\" charset=\"utf-8\"><\/script><\/p>\n<p>Durante el acto, la titular de Turismo destac\u00f3 que la pr\u00f3xima edici\u00f3n se realizar\u00e1 en Puebla, al tiempo que subray\u00f3 el impulso al modelo de turismo comunitario que se promueve a nivel federal.<\/p>\n<p>El gobernador resalt\u00f3 que el estado cuenta con una amplia oferta tur\u00edstica, al mencionar sus 12 Pueblos M\u00e1gicos, su riqueza gastron\u00f3mica, cultural y natural, as\u00ed como la diversidad de regiones que lo conforman.<\/p>\n<p>\u201cEs un estado que lo tiene todo\u201d, afirm\u00f3.<\/p>\n<p>En el marco del evento, Puebla tambi\u00e9n fue reconocida en distintas categor\u00edas del sector tur\u00edstico. Zacatl\u00e1n obtuvo el premio como mejor Pueblo M\u00e1gico para celebrar bodas, mientras que la entidad fue distinguida por su cocina regional y contempor\u00e1nea.<\/p>\n<p><img loading=\"lazy\" decoding=\"async\" class=\"size-medium wp-image-489191 alignright\" src=\"https:\/\/sintesis.com.mx\/puebla\/wp-content\/uploads\/2026\/04\/a904261f-a024-47c8-a05c-3be1fbc854c0-300x200.jpg\" alt=\"\" width=\"300\" height=\"200\" srcset=\"https:\/\/sintesis.com.mx\/puebla\/wp-content\/uploads\/2026\/04\/a904261f-a024-47c8-a05c-3be1fbc854c0-300x200.jpg 300w, https:\/\/sintesis.com.mx\/puebla\/wp-content\/uploads\/2026\/04\/a904261f-a024-47c8-a05c-3be1fbc854c0-1024x683.jpg 1024w, https:\/\/sintesis.com.mx\/puebla\/wp-content\/uploads\/2026\/04\/a904261f-a024-47c8-a05c-3be1fbc854c0-768x512.jpg 768w, https:\/\/sintesis.com.mx\/puebla\/wp-content\/uploads\/2026\/04\/a904261f-a024-47c8-a05c-3be1fbc854c0-696x464.jpg 696w, https:\/\/sintesis.com.mx\/puebla\/wp-content\/uploads\/2026\/04\/a904261f-a024-47c8-a05c-3be1fbc854c0-1068x713.jpg 1068w, https:\/\/sintesis.com.mx\/puebla\/wp-content\/uploads\/2026\/04\/a904261f-a024-47c8-a05c-3be1fbc854c0-630x420.jpg 630w, https:\/\/sintesis.com.mx\/puebla\/wp-content\/uploads\/2026\/04\/a904261f-a024-47c8-a05c-3be1fbc854c0.jpg 1280w\" sizes=\"(max-width: 300px) 100vw, 300px\" \/><\/p>\n<p>Adem\u00e1s, Cuetzalan fue finalista como destino de aventura en la naturaleza, y el proyecto Surco Cocina de Sierra y Monta\u00f1a, en Tlatlauquitepec, fue galardonado en la categor\u00eda de turismo gastron\u00f3mico.<\/p>\n","protected":false},"excerpt":{"rendered":"<p>El gobernador de Puebla, Alejandro Armenta Mier, recibi\u00f3 la estafeta del Tianguis Tur\u00edstico 2027, con lo que la entidad se confirma como sede de la edici\u00f3n 51 de este encuentro considerado el m\u00e1s importante del sector en M\u00e9xico. La entrega se realiz\u00f3 en Acapulco, Guerrero, por parte de la secretaria de Turismo del Gobierno de [&hellip;]<\/p>\n","protected":false},"author":179,"featured_media":489190,"comment_status":"open","ping_status":"open","sticky":false,"template":"","format":"standard","meta":{"footnotes":""},"categories":[72262,3,84493],"tags":[41,65,27,23,20668,40526],"yst_prominent_words":[29991,48633,33273,33270,31750,30081,29567,33274,29562,36631,37601,33987,41095],"class_list":["post-489188","post","type-post","status-publish","format-standard","has-post-thumbnail","hentry","category-gobierno","category-puebla","category-turismo","tag-es-noticia","tag-esnoticia","tag-hoyesnoticia","tag-slide","tag-slider","tag-sliderapp"],"_links":{"self":[{"href":"https:\/\/sintesis.com.mx\/puebla\/wp-json\/wp\/v2\/posts\/489188"}],"collection":[{"href":"https:\/\/sintesis.com.mx\/puebla\/wp-json\/wp\/v2\/posts"}],"about":[{"href":"https:\/\/sintesis.com.mx\/puebla\/wp-json\/wp\/v2\/types\/post"}],"author":[{"embeddable":true,"href":"https:\/\/sintesis.com.mx\/puebla\/wp-json\/wp\/v2\/users\/179"}],"replies":[{"embeddable":true,"href":"https:\/\/sintesis.com.mx\/puebla\/wp-json\/wp\/v2\/comments?post=489188"}],"version-history":[{"count":3,"href":"https:\/\/sintesis.com.mx\/puebla\/wp-json\/wp\/v2\/posts\/489188\/revisions"}],"predecessor-version":[{"id":489195,"href":"https:\/\/sintesis.com.mx\/puebla\/wp-json\/wp\/v2\/posts\/489188\/revisions\/489195"}],"wp:featuredmedia":[{"embeddable":true,"href":"https:\/\/sintesis.com.mx\/puebla\/wp-json\/wp\/v2\/media\/489190"}],"wp:attachment":[{"href":"https:\/\/sintesis.com.mx\/puebla\/wp-json\/wp\/v2\/media?parent=489188"}],"wp:term":[{"taxonomy":"category","embeddable":true,"href":"https:\/\/sintesis.com.mx\/puebla\/wp-json\/wp\/v2\/categories?post=489188"},{"taxonomy":"post_tag","embeddable":true,"href":"https:\/\/sintesis.com.mx\/puebla\/wp-json\/wp\/v2\/tags?post=489188"},{"taxonomy":"yst_prominent_words","embeddable":true,"href":"https:\/\/sintesis.com.mx\/puebla\/wp-json\/wp\/v2\/yst_prominent_words?post=489188"}],"curies":[{"name":"wp","href":"https:\/\/api.w.org\/{rel}","templated":true}]}}