{"id":489193,"date":"2026-04-30T13:54:51","date_gmt":"2026-04-30T19:54:51","guid":{"rendered":"https:\/\/sintesis.com.mx\/puebla\/?p=489193"},"modified":"2026-04-30T13:54:51","modified_gmt":"2026-04-30T19:54:51","slug":"michelle-talavera-destaca-al-centro-expositor-sede-del-tianguis-turistico-2027","status":"publish","type":"post","link":"https:\/\/sintesis.com.mx\/puebla\/2026\/04\/30\/michelle-talavera-destaca-al-centro-expositor-sede-del-tianguis-turistico-2027\/","title":{"rendered":"Michelle Talavera destaca al Centro Expositor como sede del Tianguis Tur\u00edstico 2027"},"content":{"rendered":"<p><img loading=\"lazy\" decoding=\"async\" class=\"size-medium wp-image-489199 alignright\" src=\"https:\/\/sintesis.com.mx\/puebla\/wp-content\/uploads\/2026\/04\/3b4c3bb5-032f-4397-a903-854fd59ac212-300x200.jpg\" alt=\"\" width=\"300\" height=\"200\" srcset=\"https:\/\/sintesis.com.mx\/puebla\/wp-content\/uploads\/2026\/04\/3b4c3bb5-032f-4397-a903-854fd59ac212-300x200.jpg 300w, https:\/\/sintesis.com.mx\/puebla\/wp-content\/uploads\/2026\/04\/3b4c3bb5-032f-4397-a903-854fd59ac212-1024x683.jpg 1024w, https:\/\/sintesis.com.mx\/puebla\/wp-content\/uploads\/2026\/04\/3b4c3bb5-032f-4397-a903-854fd59ac212-768x512.jpg 768w, https:\/\/sintesis.com.mx\/puebla\/wp-content\/uploads\/2026\/04\/3b4c3bb5-032f-4397-a903-854fd59ac212-696x464.jpg 696w, https:\/\/sintesis.com.mx\/puebla\/wp-content\/uploads\/2026\/04\/3b4c3bb5-032f-4397-a903-854fd59ac212-1068x713.jpg 1068w, https:\/\/sintesis.com.mx\/puebla\/wp-content\/uploads\/2026\/04\/3b4c3bb5-032f-4397-a903-854fd59ac212-630x420.jpg 630w, https:\/\/sintesis.com.mx\/puebla\/wp-content\/uploads\/2026\/04\/3b4c3bb5-032f-4397-a903-854fd59ac212.jpg 1280w\" sizes=\"(max-width: 300px) 100vw, 300px\" \/><\/p>\n<p>La directora ejecutiva de Convenciones y Parques, Michelle Talavera Herrera, destac\u00f3 que Puebla cuenta con la infraestructura necesaria para albergar el Tianguis Tur\u00edstico 2027, al se\u00f1alar que el Centro Expositor ser\u00e1 la sede de este encuentro.<\/p>\n<p>En el marco del Tianguis Tur\u00edstico 2026 realizado en Acapulco, la funcionaria indic\u00f3 que el recinto permitir\u00e1 recibir a compradores nacionales e internacionales, as\u00ed como a representantes de las 32 entidades del pa\u00eds.<\/p>\n<p>Explic\u00f3 que este evento ser\u00e1 clave para proyectar la oferta tur\u00edstica de Puebla y consolidar su posicionamiento a nivel nacional e internacional.<\/p>\n<p>La participaci\u00f3n de la entidad en este foro tambi\u00e9n contempla la generaci\u00f3n de citas de negocio y la promoci\u00f3n de su riqueza cultural, gastron\u00f3mica y natural.<\/p>\n<p>De manera paralela, la secretaria de Desarrollo Tur\u00edstico, Carla L\u00f3pez-Malo Villal\u00f3n, inform\u00f3 que la delegaci\u00f3n poblana est\u00e1 integrada por m\u00e1s de 130 representantes del sector, entre empresarios, autoridades municipales y prestadores de servicios.<\/p>\n<p>Detall\u00f3 que se prev\u00e9 concretar m\u00e1s de mil 500 citas de negocio durante el evento, adem\u00e1s de la firma de convenios para fortalecer la industria tur\u00edstica.<\/p>\n<p>Por su parte, el gobernador Alejandro Armenta Mier reiter\u00f3 que Puebla ser\u00e1 sede del Tianguis Tur\u00edstico en 2027, al destacar que esta designaci\u00f3n impulsar\u00e1 el desarrollo econ\u00f3mico del estado.<\/p>\n<p>Con ello, Puebla refuerza su presencia en el sector tur\u00edstico y avanza en la organizaci\u00f3n de uno de los eventos m\u00e1s relevantes a nivel nacional.<\/p>\n","protected":false},"excerpt":{"rendered":"<p>La directora ejecutiva de Convenciones y Parques, Michelle Talavera Herrera, destac\u00f3 que Puebla cuenta con la infraestructura necesaria para albergar el Tianguis Tur\u00edstico 2027, al se\u00f1alar que el Centro Expositor ser\u00e1 la sede de este encuentro. En el marco del Tianguis Tur\u00edstico 2026 realizado en Acapulco, la funcionaria indic\u00f3 que el recinto permitir\u00e1 recibir a [&hellip;]<\/p>\n","protected":false},"author":179,"featured_media":489191,"comment_status":"open","ping_status":"open","sticky":false,"template":"","format":"standard","meta":{"footnotes":""},"categories":[3,84493],"tags":[41,65,27,23,20668,40526],"yst_prominent_words":[43241,29923,30026,30023,30426,31751,31151,29562,45357,31813,32572,29992,36631,37601,47822,41095],"class_list":["post-489193","post","type-post","status-publish","format-standard","has-post-thumbnail","hentry","category-puebla","category-turismo","tag-es-noticia","tag-esnoticia","tag-hoyesnoticia","tag-slide","tag-slider","tag-sliderapp"],"_links":{"self":[{"href":"https:\/\/sintesis.com.mx\/puebla\/wp-json\/wp\/v2\/posts\/489193"}],"collection":[{"href":"https:\/\/sintesis.com.mx\/puebla\/wp-json\/wp\/v2\/posts"}],"about":[{"href":"https:\/\/sintesis.com.mx\/puebla\/wp-json\/wp\/v2\/types\/post"}],"author":[{"embeddable":true,"href":"https:\/\/sintesis.com.mx\/puebla\/wp-json\/wp\/v2\/users\/179"}],"replies":[{"embeddable":true,"href":"https:\/\/sintesis.com.mx\/puebla\/wp-json\/wp\/v2\/comments?post=489193"}],"version-history":[{"count":1,"href":"https:\/\/sintesis.com.mx\/puebla\/wp-json\/wp\/v2\/posts\/489193\/revisions"}],"predecessor-version":[{"id":489200,"href":"https:\/\/sintesis.com.mx\/puebla\/wp-json\/wp\/v2\/posts\/489193\/revisions\/489200"}],"wp:featuredmedia":[{"embeddable":true,"href":"https:\/\/sintesis.com.mx\/puebla\/wp-json\/wp\/v2\/media\/489191"}],"wp:attachment":[{"href":"https:\/\/sintesis.com.mx\/puebla\/wp-json\/wp\/v2\/media?parent=489193"}],"wp:term":[{"taxonomy":"category","embeddable":true,"href":"https:\/\/sintesis.com.mx\/puebla\/wp-json\/wp\/v2\/categories?post=489193"},{"taxonomy":"post_tag","embeddable":true,"href":"https:\/\/sintesis.com.mx\/puebla\/wp-json\/wp\/v2\/tags?post=489193"},{"taxonomy":"yst_prominent_words","embeddable":true,"href":"https:\/\/sintesis.com.mx\/puebla\/wp-json\/wp\/v2\/yst_prominent_words?post=489193"}],"curies":[{"name":"wp","href":"https:\/\/api.w.org\/{rel}","templated":true}]}}